{"id":53107,"date":"2026-04-30T10:44:38","date_gmt":"2026-04-30T13:44:38","guid":{"rendered":"https:\/\/www.copel.com\/site\/?p=53107"},"modified":"2026-04-30T10:45:00","modified_gmt":"2026-04-30T13:45:00","slug":"copel-reune-empresas-de-regularizacao-de-cabos-aereos-e-anuncia-mutirao-em-londrina","status":"publish","type":"post","link":"https:\/\/www.copel.com\/site\/noticias\/copel-reune-empresas-de-regularizacao-de-cabos-aereos-e-anuncia-mutirao-em-londrina\/","title":{"rendered":"Copel\u00a0re\u00fane\u00a0empresas de regulariza\u00e7\u00e3o de cabos a\u00e9reos e anuncia mutir\u00e3o em Londrina"},"content":{"rendered":"\n<figure class=\"wp-block-image size-large\"><img fetchpriority=\"high\" decoding=\"async\" width=\"1024\" height=\"461\" src=\"https:\/\/www.copel.com\/site\/wp-content\/uploads\/2026\/04\/Compartilhamento_Londrina-2-1024x461.jpeg\" alt=\"\" class=\"wp-image-53106\" srcset=\"https:\/\/www.copel.com\/site\/wp-content\/uploads\/2026\/04\/Compartilhamento_Londrina-2-1024x461.jpeg 1024w, https:\/\/www.copel.com\/site\/wp-content\/uploads\/2026\/04\/Compartilhamento_Londrina-2-300x135.jpeg 300w, https:\/\/www.copel.com\/site\/wp-content\/uploads\/2026\/04\/Compartilhamento_Londrina-2-768x346.jpeg 768w, https:\/\/www.copel.com\/site\/wp-content\/uploads\/2026\/04\/Compartilhamento_Londrina-2-1536x692.jpeg 1536w, https:\/\/www.copel.com\/site\/wp-content\/uploads\/2026\/04\/Compartilhamento_Londrina-2.jpeg 1600w\" sizes=\"(max-width: 1024px) 100vw, 1024px\" \/><figcaption class=\"wp-element-caption\"><em>Evento buscou alinhar pr\u00e1ticas, refor\u00e7ar responsabilidades e ampliar a conscientiza\u00e7\u00e3o sobre riscos de instala\u00e7\u00f5es irregulares  Foto: Divulga\u00e7\u00e3o\/Copel <\/em><br><\/figcaption><\/figure>\n\n\n\n<p>A Copel reuniu&nbsp;representantes de empresas prestadoras&nbsp;de servi\u00e7os, no dia 24 de abril,&nbsp;em Londrina,&nbsp;para um Workshop de Seguran\u00e7a no Compartilhamento de Estruturas.&nbsp;O encontro teve o objetivo de alinhar pr\u00e1ticas, refor\u00e7ar responsabilidades e ampliar a conscientiza\u00e7\u00e3o sobre os riscos de instala\u00e7\u00f5es irregulares, problema que impacta n\u00e3o s\u00f3 trabalhadores, mas toda a popula\u00e7\u00e3o.&nbsp;<\/p>\n\n\n\n<p>De acordo com&nbsp;o gerente de Compartilhamento de Estruturas da Copel, Rafael&nbsp;Buckoski&nbsp;Gon\u00e7alves,&nbsp;manter uma&nbsp;rede de cabeamento organizada&nbsp;e o cumprimento dos protocolos&nbsp;ajudam a&nbsp;salvar&nbsp;vidas.&nbsp;\u201cMotociclistas, pedestres, ciclistas e motoristas s\u00e3o v\u00edtimas dos cabos irregulares, por isso \u00e9 t\u00e3o importante esta a\u00e7\u00e3o\u201d, destacou.&nbsp;<\/p>\n\n\n\n<p>Durante o evento, a companhia anunciou um mutir\u00e3o de regulariza\u00e7\u00e3o que ser\u00e1 realizado nos dias 8 e 9 de junho, na avenida Higien\u00f3polis. A a\u00e7\u00e3o prev\u00ea interven\u00e7\u00f5es em 81 postes, com foco na retirada de cabeamento irregular para melhorar a seguran\u00e7a das pessoas que circulam pela regi\u00e3o.&nbsp;<\/p>\n\n\n\n<p>A programa\u00e7\u00e3o do workshop incluiu temas como normas t\u00e9cnicas de seguran\u00e7a, aplica\u00e7\u00e3o das NR-10 e NR-35, uso correto de EPIs e&nbsp;EPCs, an\u00e1lise de acidentes e os riscos associados a instala\u00e7\u00f5es clandestinas. Tamb\u00e9m foram refor\u00e7adas as responsabilidades das empresas que atuam no compartilhamento de estruturas.&nbsp;<\/p>\n\n\n\n<p>Para o supervisor regional Andr\u00e9 Eduardo&nbsp;Pirolla&nbsp;Senna, a mensagem central&nbsp;do encontro&nbsp;vai al\u00e9m da t\u00e9cnica. \u201cTodos precisam voltar para casa em seguran\u00e7a ao final do dia, com a sensa\u00e7\u00e3o de dever cumprido\u201d, afirmou.&nbsp;<\/p>\n\n\n\n<p>J\u00e1 o&nbsp;gerente-executivo&nbsp;de Compartilhamento de Estruturas da Copel, Fabr\u00edcio&nbsp;Salmazo,&nbsp;refor\u00e7ou o impacto direto de cada a\u00e7\u00e3o preventiva. \u201cCada cabo regularizado, cada trabalhador treinado, cada mutir\u00e3o realizado \u00e9 uma vida preservada. Seguran\u00e7a n\u00e3o \u00e9 s\u00f3 norma, \u00e9 uma decis\u00e3o di\u00e1ria\u201d, concluiu.&nbsp;<\/p>\n\n\n\n<p>Novas reuni\u00f5es com empresas prestadoras de servi\u00e7os de compartilhamento de estruturas devem acontecer&nbsp;tamb\u00e9m&nbsp;em outras regi\u00f5es do Estado.&nbsp;<\/p>\n","protected":false},"excerpt":{"rendered":"<p>A Copel reuniu&nbsp;representantes de empresas prestadoras&nbsp;de servi\u00e7os, no dia 24 de abril,&nbsp;em Londrina,&nbsp;para um Workshop de Seguran\u00e7a no Compartilhamento de Estruturas.&nbsp;O encontro teve o objetivo de alinhar pr\u00e1ticas, refor\u00e7ar responsabilidades e ampliar a conscientiza\u00e7\u00e3o sobre os riscos de instala\u00e7\u00f5es irregulares, problema que impacta n\u00e3o s\u00f3 trabalhadores, mas toda a popula\u00e7\u00e3o.&nbsp; De acordo com&nbsp;o gerente de [&hellip;]<\/p>\n","protected":false},"author":41,"featured_media":53105,"comment_status":"closed","ping_status":"closed","sticky":false,"template":"","format":"standard","meta":{"_acf_changed":false,"footnotes":""},"categories":[142],"tags":[1019,1020,25,43,1018,18],"class_list":["post-53107","post","type-post","status-publish","format-standard","has-post-thumbnail","hentry","category-noticias","tag-cabos-soltos","tag-compartilhamento-de-estruturas","tag-copel","tag-distribuicao","tag-fiacao","tag-seguranca"],"acf":[],"aioseo_notices":[],"_links":{"self":[{"href":"https:\/\/www.copel.com\/site\/wp-json\/wp\/v2\/posts\/53107","targetHints":{"allow":["GET"]}}],"collection":[{"href":"https:\/\/www.copel.com\/site\/wp-json\/wp\/v2\/posts"}],"about":[{"href":"https:\/\/www.copel.com\/site\/wp-json\/wp\/v2\/types\/post"}],"author":[{"embeddable":true,"href":"https:\/\/www.copel.com\/site\/wp-json\/wp\/v2\/users\/41"}],"replies":[{"embeddable":true,"href":"https:\/\/www.copel.com\/site\/wp-json\/wp\/v2\/comments?post=53107"}],"version-history":[{"count":1,"href":"https:\/\/www.copel.com\/site\/wp-json\/wp\/v2\/posts\/53107\/revisions"}],"predecessor-version":[{"id":53108,"href":"https:\/\/www.copel.com\/site\/wp-json\/wp\/v2\/posts\/53107\/revisions\/53108"}],"wp:featuredmedia":[{"embeddable":true,"href":"https:\/\/www.copel.com\/site\/wp-json\/wp\/v2\/media\/53105"}],"wp:attachment":[{"href":"https:\/\/www.copel.com\/site\/wp-json\/wp\/v2\/media?parent=53107"}],"wp:term":[{"taxonomy":"category","embeddable":true,"href":"https:\/\/www.copel.com\/site\/wp-json\/wp\/v2\/categories?post=53107"},{"taxonomy":"post_tag","embeddable":true,"href":"https:\/\/www.copel.com\/site\/wp-json\/wp\/v2\/tags?post=53107"}],"curies":[{"name":"wp","href":"https:\/\/api.w.org\/{rel}","templated":true}]}}