{"id":44829,"date":"2025-03-29T10:05:23","date_gmt":"2025-03-29T13:05:23","guid":{"rendered":"https:\/\/www.copel.com\/site\/?p=44829"},"modified":"2025-04-07T15:55:56","modified_gmt":"2025-04-07T18:55:56","slug":"copel-firma-protocolo-com-a-prefeitura-de-curitiba-para-ampliar-hortas-comunitarias","status":"publish","type":"post","link":"https:\/\/www.copel.com\/site\/noticias\/copel-firma-protocolo-com-a-prefeitura-de-curitiba-para-ampliar-hortas-comunitarias\/","title":{"rendered":"Copel firma protocolo com a Prefeitura de Curitiba para ampliar hortas comunit\u00e1rias"},"content":{"rendered":"\n<p>A Copel deu mais um passo importante em sua agenda de sustentabilidade ao formalizar, durante o Smart City Expo Curitiba 2025, um protocolo de inten\u00e7\u00f5es com a Prefeitura Municipal de Curitiba. A parceria, estabelecida por meio da Secretaria Municipal de Seguran\u00e7a Alimentar e Nutricional (SMSAN), vai ampliar a utiliza\u00e7\u00e3o de \u00e1reas embaixo das linhas de transmiss\u00e3o da Copel para fazer hortas comunit\u00e1rias e, assim, promover seguran\u00e7a alimentar e inclus\u00e3o socioprodutiva na capital paranaense.&nbsp;<\/p>\n\n\n\n<p>O protocolo vai fortalecer o programa Cultivar Energia. Desenvolvido pela Copel desde 2013, este programa transforma \u00e1reas ociosas embaixo das linhas de transmiss\u00e3o da companhia em hortas comunit\u00e1rias, garantindo produ\u00e7\u00e3o de alimentos saud\u00e1veis e promovendo o uso adequado dos espa\u00e7os urbanos. O Cultivar Energia conta atualmente com sete hortas comunit\u00e1rias em Curitiba e abrange outros dez munic\u00edpios paranaenses. Com a assinatura do protocolo de inten\u00e7\u00f5es, a quantidade de hortas ser\u00e1 ampliada na capital paranaense.&nbsp;<\/p>\n\n\n\n<p><strong>A\u00e7\u00f5es previstas&nbsp;<\/strong><\/p>\n\n\n\n<p>O acordo firmado entre Copel e Prefeitura de Curitiba prev\u00ea, dentre diversas a\u00e7\u00f5es, a amplia\u00e7\u00e3o do acesso da popula\u00e7\u00e3o a alimentos de qualidade, o fomento da inclus\u00e3o social e consequente redu\u00e7\u00e3o da pobreza, o manejo seguro de esp\u00e9cies vegetais debaixo das linhas de transmiss\u00e3o de energia el\u00e9trica, o combate a dep\u00f3sitos irregulares de res\u00edduos e o respeito \u00e0s regras de planejamento urbano.&nbsp;&nbsp;<\/p>\n\n\n\n<p>O prefeito de Curitiba, Eduardo Pimentel, celebrou a assinatura do documento e refor\u00e7ou a import\u00e2ncia da parceria com a Copel. \u201cA sustentabilidade e a seguran\u00e7a alimentar s\u00e3o pilares fundamentais para uma cidade inteligente. Essa colabora\u00e7\u00e3o fortalece a resili\u00eancia da nossa popula\u00e7\u00e3o e melhora a qualidade de vida de quem mais precisa\u201d, avaliou.&nbsp;<\/p>\n\n\n\n<p>A superintendente de Governan\u00e7a e Sustentabilidade da Copel, Lu\u00edsa Nastari, que representou a Copel durante o evento, ressaltou que a colabora\u00e7\u00e3o com o poder p\u00fablico \u00e9 essencial para construir cidades mais inteligentes e sustent\u00e1veis. \u201cEssa parceria refor\u00e7a nosso compromisso com a responsabilidade social e ambiental, garantindo um futuro melhor para a popula\u00e7\u00e3o\u201d, afirmou.&nbsp;<\/p>\n\n\n\n<p><strong>Solu\u00e7\u00e3o inteligente&nbsp;<\/strong><\/p>\n\n\n\n<p>De acordo com Lu\u00edsa Nastari, o programa Cultivar Energia surgiu justamente para achar uma solu\u00e7\u00e3o inteligente e inovadora para o espa\u00e7o urbano, permitindo que as pessoas passem a ocupar as \u00e1reas debaixo das linhas de transmiss\u00e3o de forma mais adequada. \u201cHoje, o programa Cultivar Energia atende 657 fam\u00edlias, que contam com a seguran\u00e7a alimentar. Agradecemos a Prefeitura no apoio para aumentar ainda mais o projeto Cultivar Energia\u201d, destacou Lu\u00edsa.&nbsp;<\/p>\n","protected":false},"excerpt":{"rendered":"<p>A Copel deu mais um passo importante em sua agenda de sustentabilidade ao formalizar, durante o Smart City Expo Curitiba 2025, um protocolo de inten\u00e7\u00f5es com a Prefeitura Municipal de Curitiba. A parceria, estabelecida por meio da Secretaria Municipal de Seguran\u00e7a Alimentar e Nutricional (SMSAN), vai ampliar a utiliza\u00e7\u00e3o de \u00e1reas embaixo das linhas de [&hellip;]<\/p>\n","protected":false},"author":41,"featured_media":44828,"comment_status":"closed","ping_status":"closed","sticky":false,"template":"","format":"standard","meta":{"_acf_changed":false,"footnotes":""},"categories":[677,10],"tags":[],"class_list":["post-44829","post","type-post","status-publish","format-standard","has-post-thumbnail","hentry","category-meio-ambiente","category-sustentabilidade"],"acf":[],"aioseo_notices":[],"_links":{"self":[{"href":"https:\/\/www.copel.com\/site\/wp-json\/wp\/v2\/posts\/44829","targetHints":{"allow":["GET"]}}],"collection":[{"href":"https:\/\/www.copel.com\/site\/wp-json\/wp\/v2\/posts"}],"about":[{"href":"https:\/\/www.copel.com\/site\/wp-json\/wp\/v2\/types\/post"}],"author":[{"embeddable":true,"href":"https:\/\/www.copel.com\/site\/wp-json\/wp\/v2\/users\/41"}],"replies":[{"embeddable":true,"href":"https:\/\/www.copel.com\/site\/wp-json\/wp\/v2\/comments?post=44829"}],"version-history":[{"count":3,"href":"https:\/\/www.copel.com\/site\/wp-json\/wp\/v2\/posts\/44829\/revisions"}],"predecessor-version":[{"id":44832,"href":"https:\/\/www.copel.com\/site\/wp-json\/wp\/v2\/posts\/44829\/revisions\/44832"}],"wp:featuredmedia":[{"embeddable":true,"href":"https:\/\/www.copel.com\/site\/wp-json\/wp\/v2\/media\/44828"}],"wp:attachment":[{"href":"https:\/\/www.copel.com\/site\/wp-json\/wp\/v2\/media?parent=44829"}],"wp:term":[{"taxonomy":"category","embeddable":true,"href":"https:\/\/www.copel.com\/site\/wp-json\/wp\/v2\/categories?post=44829"},{"taxonomy":"post_tag","embeddable":true,"href":"https:\/\/www.copel.com\/site\/wp-json\/wp\/v2\/tags?post=44829"}],"curies":[{"name":"wp","href":"https:\/\/api.w.org\/{rel}","templated":true}]}}