{"id":38495,"date":"2024-06-05T17:33:46","date_gmt":"2024-06-05T20:33:46","guid":{"rendered":"https:\/\/www.copel.com\/site\/?p=38495"},"modified":"2024-06-05T17:33:46","modified_gmt":"2024-06-05T20:33:46","slug":"medidores-inteligentes-da-copel-chegam-a-imbituva-e-sao-joao-do-triunfo-nos-campos-gerais","status":"publish","type":"post","link":"https:\/\/www.copel.com\/site\/noticias\/medidores-inteligentes-da-copel-chegam-a-imbituva-e-sao-joao-do-triunfo-nos-campos-gerais\/","title":{"rendered":"Medidores inteligentes da Copel chegam a Imbituva e S\u00e3o Jo\u00e3o do Triunfo, nos Campos Gerais"},"content":{"rendered":"\n<p>O programa&nbsp;<strong>Rede El\u00e9trica Inteligente<\/strong>&nbsp;come\u00e7ar\u00e1 a ser implantado nos munic\u00edpios de&nbsp;<strong>Imbituva<\/strong>&nbsp;e&nbsp;<strong>S\u00e3o Jo\u00e3o do Triunfo<\/strong>, no Centro-Sul do Paran\u00e1, nos pr\u00f3ximos dias, com as atividades previstas para come\u00e7arem em 10\/06.&nbsp;<\/p>\n\n\n\n<p>A a\u00e7\u00e3o consiste na troca dos medidores de energia convencionais por medidores inteligentes, que emitem sinais em tempo real para o centro de opera\u00e7\u00f5es da Copel, ampliando a efici\u00eancia de detec\u00e7\u00e3o de falhas nos casos de desligamento. A mudan\u00e7a tecnol\u00f3gica n\u00e3o tem custos para o consumidor.&nbsp;<\/p>\n\n\n\n<p>No \u00faltimo m\u00eas, o servi\u00e7o foi implantado em 81% das unidades consumidoras de Porto Amazonas e tamb\u00e9m em quase toda a \u00e1rea rural de Rio Negro, que \u00e9 a \u00e1rea de concess\u00e3o da Copel no munic\u00edpio. Em Imbituva, os medidores inteligentes ser\u00e3o instalados em todas as 11,2 mil unidades consumidoras atendidas pela Copel, e em S\u00e3o Jo\u00e3o do Triunfo ser\u00e3o em todas as 5,5 mil unidades consumidoras do munic\u00edpio.&nbsp;<\/p>\n\n\n\n<p>Trata-se de um dos maiores programas de moderniza\u00e7\u00e3o da rede de distribui\u00e7\u00e3o da Am\u00e9rica Latina, que est\u00e1 preparando as localidades para a consolida\u00e7\u00e3o das cidades inteligentes.&nbsp;<\/p>\n\n\n\n<p><strong>N\u00daMEROS&nbsp;<\/strong>&#8211;<strong>&nbsp;<\/strong>A Rede El\u00e9trica Inteligente j\u00e1 ultrapassou a marca de 770 mil medidores inteligentes instalados em 94 munic\u00edpios das regi\u00f5es Sudoeste, Oeste e Centro-Sul do Paran\u00e1, e Regi\u00e3o Metropolitana de Curitiba. A previs\u00e3o \u00e9 de atingir 1 milh\u00e3o de instala\u00e7\u00f5es ainda em 2024.&nbsp;<\/p>\n\n\n\n<p>\u201cEsses medidores se comunicam com as nossas centrais atrav\u00e9s de equipamentos que a gente est\u00e1 instalando tamb\u00e9m nas redes que passam na rua, nas redes da Copel. Esse trabalho \u00e9 gradativo. A gente pede a colabora\u00e7\u00e3o de todos, dando acesso para a substitui\u00e7\u00e3o do medidor\u201d, detalha o gerente da divis\u00e3o de Divis\u00e3o de Projetos Especiais T\u00e9cnicos da Copel Distribui\u00e7\u00e3o,&nbsp;<strong>Tiago Augusto Silva Santana<\/strong>.&nbsp;<\/p>\n\n\n\n<p>A primeira fase do programa na regi\u00e3o Sudoeste do Paran\u00e1 est\u00e1 pr\u00f3xima da conclus\u00e3o, com 435 mil medidores j\u00e1 conectados \u00e0 central de opera\u00e7\u00f5es da Copel. A fase 2 abrange munic\u00edpios das regi\u00f5es Leste e Centro-Sul do Paran\u00e1, incluindo Regi\u00e3o Metropolitana de Curitiba e Ilha do Mel, no Litoral. Dela, as equipes j\u00e1 conclu\u00edram 61,5%&nbsp;das instala\u00e7\u00f5es, em uma m\u00e9dia de 6 mil medidores instalados por semana. Recentemente, Arauc\u00e1ria, Contenda e Fazenda Rio Grande foram finalizados.&nbsp;<\/p>\n\n\n\n<p>Em junho, ser\u00e1 a vez de come\u00e7ar em Fernandes Pinheiro e Rebou\u00e7as. Em agosto, est\u00e3o previstas instala\u00e7\u00f5es na Ilha do Mel e, em setembro, ser\u00e1 a vez de Guamiranga.&nbsp;<\/p>\n\n\n\n<p><strong>OESTE&nbsp;<\/strong>&#8211;<strong>&nbsp;<\/strong>No Oeste, a Rede El\u00e9trica Inteligente deve chegar ainda em junho com instala\u00e7\u00f5es em Cascavel e Santa Tereza do Oeste. Ser\u00e1 a maior fase do programa at\u00e9 agora, incluindo 50 munic\u00edpios e 661 mil medidores a serem implantados.&nbsp;<\/p>\n\n\n\n<p><strong>BENEF\u00cdCIOS<\/strong>&nbsp;&#8211; Com os medidores inteligentes, a Copel pode agir com maior efic\u00e1cia em caso de falhas de energia. Eles permitem a detec\u00e7\u00e3o autom\u00e1tica da extens\u00e3o da interrup\u00e7\u00e3o e a localiza\u00e7\u00e3o precisa da origem do problema, acelerando o restabelecimento do fornecimento de energia para os lares afetados.&nbsp;&nbsp;<\/p>\n\n\n\n<p>Al\u00e9m disso, a atualiza\u00e7\u00e3o dos medidores vem acompanhada de investimentos em automa\u00e7\u00e3o na rede de distribui\u00e7\u00e3o, o que possibilita aos consumidores monitorar seu consumo em tempo real por meio do aplicativo da Copel para smartphones. Nesse aplicativo, \u00e9 poss\u00edvel n\u00e3o s\u00f3 acompanhar o consumo, mas tamb\u00e9m solicitar servi\u00e7os, verificar d\u00e9bitos e at\u00e9 mesmo obter informa\u00e7\u00f5es para quitar contas em atraso. O processo de troca do medidor \u00e9 r\u00e1pido, levando em m\u00e9dia 30 minutos e sem custos para o cliente. A substitui\u00e7\u00e3o \u00e9 realizada exclusivamente na entrada de servi\u00e7o, onde o medidor est\u00e1 instalado. \u00c9 importante ressaltar que na fase 2 do projeto, a instala\u00e7\u00e3o \u00e9 realizada pela empresa Eleng, e na fase 3, pela Eletromil. Todos os profissionais envolvidos est\u00e3o devidamente identificados e apresentam uma carta de apresenta\u00e7\u00e3o emitida pela Copel.&nbsp;<\/p>\n\n\n\n<p><strong>FATURA DIGITAL &#8211;<\/strong>&nbsp;A ado\u00e7\u00e3o dos medidores inteligentes tamb\u00e9m traz benef\u00edcios pr\u00e1ticos. Por exemplo, eliminando a necessidade de visitas mensais para leitura do consumo, a Copel incentiva os consumidores a optarem pelo recebimento das faturas por e-mail, o que reduz o uso de papel e previne extravios. Al\u00e9m disso, as faturas digitais t\u00eam a mesma validade legal que as impressas, servindo como comprovante de endere\u00e7o.&nbsp;<\/p>\n\n\n\n<figure class=\"wp-block-gallery has-nested-images columns-default is-cropped wp-block-gallery-1 is-layout-flex wp-block-gallery-is-layout-flex\">\n<figure class=\"wp-block-image size-large\"><img fetchpriority=\"high\" decoding=\"async\" width=\"683\" height=\"1024\" data-id=\"38494\" src=\"https:\/\/www.copel.com\/site\/wp-content\/uploads\/2024\/06\/Eletricistas-Eleng-substituicao-de-medidores-Redes-inteligentes-REI-Ponta-Grossa-51-683x1024.jpg\" alt=\"\" class=\"wp-image-38494\" srcset=\"https:\/\/www.copel.com\/site\/wp-content\/uploads\/2024\/06\/Eletricistas-Eleng-substituicao-de-medidores-Redes-inteligentes-REI-Ponta-Grossa-51-683x1024.jpg 683w, https:\/\/www.copel.com\/site\/wp-content\/uploads\/2024\/06\/Eletricistas-Eleng-substituicao-de-medidores-Redes-inteligentes-REI-Ponta-Grossa-51-200x300.jpg 200w, https:\/\/www.copel.com\/site\/wp-content\/uploads\/2024\/06\/Eletricistas-Eleng-substituicao-de-medidores-Redes-inteligentes-REI-Ponta-Grossa-51-768x1152.jpg 768w, https:\/\/www.copel.com\/site\/wp-content\/uploads\/2024\/06\/Eletricistas-Eleng-substituicao-de-medidores-Redes-inteligentes-REI-Ponta-Grossa-51-1024x1536.jpg 1024w, https:\/\/www.copel.com\/site\/wp-content\/uploads\/2024\/06\/Eletricistas-Eleng-substituicao-de-medidores-Redes-inteligentes-REI-Ponta-Grossa-51-1365x2048.jpg 1365w, https:\/\/www.copel.com\/site\/wp-content\/uploads\/2024\/06\/Eletricistas-Eleng-substituicao-de-medidores-Redes-inteligentes-REI-Ponta-Grossa-51-scaled.jpg 1707w\" sizes=\"(max-width: 683px) 100vw, 683px\" \/><\/figure>\n\n\n\n<figure class=\"wp-block-image size-large\"><img decoding=\"async\" width=\"1024\" height=\"706\" data-id=\"38493\" src=\"https:\/\/www.copel.com\/site\/wp-content\/uploads\/2024\/06\/Eletricistas-Eleng-substituicao-de-medidores-Redes-inteligentes-REI-Ponta-Grossa-50-1024x706.jpg\" alt=\"\" class=\"wp-image-38493\" srcset=\"https:\/\/www.copel.com\/site\/wp-content\/uploads\/2024\/06\/Eletricistas-Eleng-substituicao-de-medidores-Redes-inteligentes-REI-Ponta-Grossa-50-1024x706.jpg 1024w, https:\/\/www.copel.com\/site\/wp-content\/uploads\/2024\/06\/Eletricistas-Eleng-substituicao-de-medidores-Redes-inteligentes-REI-Ponta-Grossa-50-300x207.jpg 300w, https:\/\/www.copel.com\/site\/wp-content\/uploads\/2024\/06\/Eletricistas-Eleng-substituicao-de-medidores-Redes-inteligentes-REI-Ponta-Grossa-50-768x530.jpg 768w, https:\/\/www.copel.com\/site\/wp-content\/uploads\/2024\/06\/Eletricistas-Eleng-substituicao-de-medidores-Redes-inteligentes-REI-Ponta-Grossa-50-1536x1059.jpg 1536w, https:\/\/www.copel.com\/site\/wp-content\/uploads\/2024\/06\/Eletricistas-Eleng-substituicao-de-medidores-Redes-inteligentes-REI-Ponta-Grossa-50.jpg 2000w\" sizes=\"(max-width: 1024px) 100vw, 1024px\" \/><\/figure>\n\n\n\n<figure class=\"wp-block-image size-large\"><img decoding=\"async\" width=\"1024\" height=\"682\" data-id=\"38492\" src=\"https:\/\/www.copel.com\/site\/wp-content\/uploads\/2024\/06\/Eletricistas-Eleng-substituicao-de-medidores-Redes-inteligentes-REI-Ponta-Grossa-43-1024x682.jpg\" alt=\"\" class=\"wp-image-38492\" srcset=\"https:\/\/www.copel.com\/site\/wp-content\/uploads\/2024\/06\/Eletricistas-Eleng-substituicao-de-medidores-Redes-inteligentes-REI-Ponta-Grossa-43-1024x682.jpg 1024w, https:\/\/www.copel.com\/site\/wp-content\/uploads\/2024\/06\/Eletricistas-Eleng-substituicao-de-medidores-Redes-inteligentes-REI-Ponta-Grossa-43-300x200.jpg 300w, https:\/\/www.copel.com\/site\/wp-content\/uploads\/2024\/06\/Eletricistas-Eleng-substituicao-de-medidores-Redes-inteligentes-REI-Ponta-Grossa-43-768x512.jpg 768w, https:\/\/www.copel.com\/site\/wp-content\/uploads\/2024\/06\/Eletricistas-Eleng-substituicao-de-medidores-Redes-inteligentes-REI-Ponta-Grossa-43-1536x1024.jpg 1536w, https:\/\/www.copel.com\/site\/wp-content\/uploads\/2024\/06\/Eletricistas-Eleng-substituicao-de-medidores-Redes-inteligentes-REI-Ponta-Grossa-43.jpg 2000w\" sizes=\"(max-width: 1024px) 100vw, 1024px\" \/><\/figure>\n\n\n\n<figure class=\"wp-block-image size-large\"><img loading=\"lazy\" decoding=\"async\" width=\"1024\" height=\"682\" data-id=\"38491\" src=\"https:\/\/www.copel.com\/site\/wp-content\/uploads\/2024\/06\/Eletricistas-Eleng-substituicao-de-medidores-Redes-inteligentes-REI-Ponta-Grossa-41-1024x682.jpg\" alt=\"\" class=\"wp-image-38491\" srcset=\"https:\/\/www.copel.com\/site\/wp-content\/uploads\/2024\/06\/Eletricistas-Eleng-substituicao-de-medidores-Redes-inteligentes-REI-Ponta-Grossa-41-1024x682.jpg 1024w, https:\/\/www.copel.com\/site\/wp-content\/uploads\/2024\/06\/Eletricistas-Eleng-substituicao-de-medidores-Redes-inteligentes-REI-Ponta-Grossa-41-300x200.jpg 300w, https:\/\/www.copel.com\/site\/wp-content\/uploads\/2024\/06\/Eletricistas-Eleng-substituicao-de-medidores-Redes-inteligentes-REI-Ponta-Grossa-41-768x512.jpg 768w, https:\/\/www.copel.com\/site\/wp-content\/uploads\/2024\/06\/Eletricistas-Eleng-substituicao-de-medidores-Redes-inteligentes-REI-Ponta-Grossa-41-1536x1024.jpg 1536w, https:\/\/www.copel.com\/site\/wp-content\/uploads\/2024\/06\/Eletricistas-Eleng-substituicao-de-medidores-Redes-inteligentes-REI-Ponta-Grossa-41.jpg 2000w\" sizes=\"(max-width: 1024px) 100vw, 1024px\" \/><\/figure>\n\n\n\n<figure class=\"wp-block-image size-large\"><img loading=\"lazy\" decoding=\"async\" width=\"1024\" height=\"682\" data-id=\"38490\" src=\"https:\/\/www.copel.com\/site\/wp-content\/uploads\/2024\/06\/Eletricistas-Eleng-substituicao-de-medidores-Redes-inteligentes-REI-Ponta-Grossa-25-1024x682.jpg\" alt=\"\" class=\"wp-image-38490\" srcset=\"https:\/\/www.copel.com\/site\/wp-content\/uploads\/2024\/06\/Eletricistas-Eleng-substituicao-de-medidores-Redes-inteligentes-REI-Ponta-Grossa-25-1024x682.jpg 1024w, https:\/\/www.copel.com\/site\/wp-content\/uploads\/2024\/06\/Eletricistas-Eleng-substituicao-de-medidores-Redes-inteligentes-REI-Ponta-Grossa-25-300x200.jpg 300w, https:\/\/www.copel.com\/site\/wp-content\/uploads\/2024\/06\/Eletricistas-Eleng-substituicao-de-medidores-Redes-inteligentes-REI-Ponta-Grossa-25-768x512.jpg 768w, https:\/\/www.copel.com\/site\/wp-content\/uploads\/2024\/06\/Eletricistas-Eleng-substituicao-de-medidores-Redes-inteligentes-REI-Ponta-Grossa-25-1536x1024.jpg 1536w, https:\/\/www.copel.com\/site\/wp-content\/uploads\/2024\/06\/Eletricistas-Eleng-substituicao-de-medidores-Redes-inteligentes-REI-Ponta-Grossa-25.jpg 2000w\" sizes=\"(max-width: 1024px) 100vw, 1024px\" \/><\/figure>\n<\/figure>\n","protected":false},"excerpt":{"rendered":"<p>O programa&nbsp;Rede El\u00e9trica Inteligente&nbsp;come\u00e7ar\u00e1 a ser implantado nos munic\u00edpios de&nbsp;Imbituva&nbsp;e&nbsp;S\u00e3o Jo\u00e3o do Triunfo, no Centro-Sul do Paran\u00e1, nos pr\u00f3ximos dias, com as atividades previstas para come\u00e7arem em 10\/06.&nbsp; A a\u00e7\u00e3o consiste na troca dos medidores de energia convencionais por medidores inteligentes, que emitem sinais em tempo real para o centro de opera\u00e7\u00f5es da Copel, ampliando [&hellip;]<\/p>\n","protected":false},"author":32,"featured_media":38493,"comment_status":"closed","ping_status":"closed","sticky":false,"template":"","format":"standard","meta":{"_acf_changed":false,"footnotes":""},"categories":[2,628,10],"tags":[533,43,833,668,573,834,292,285],"class_list":["post-38495","post","type-post","status-publish","format-standard","has-post-thumbnail","hentry","category-distribuicao","category-inovacao","category-sustentabilidade","tag-cidades-inteligentes","tag-distribuicao","tag-imbituva","tag-rede-eletrica-inteligente-2","tag-rei","tag-sao-joao-do-triunfo","tag-smart-cities","tag-smart-grid"],"acf":[],"aioseo_notices":[],"_links":{"self":[{"href":"https:\/\/www.copel.com\/site\/wp-json\/wp\/v2\/posts\/38495","targetHints":{"allow":["GET"]}}],"collection":[{"href":"https:\/\/www.copel.com\/site\/wp-json\/wp\/v2\/posts"}],"about":[{"href":"https:\/\/www.copel.com\/site\/wp-json\/wp\/v2\/types\/post"}],"author":[{"embeddable":true,"href":"https:\/\/www.copel.com\/site\/wp-json\/wp\/v2\/users\/32"}],"replies":[{"embeddable":true,"href":"https:\/\/www.copel.com\/site\/wp-json\/wp\/v2\/comments?post=38495"}],"version-history":[{"count":1,"href":"https:\/\/www.copel.com\/site\/wp-json\/wp\/v2\/posts\/38495\/revisions"}],"predecessor-version":[{"id":38496,"href":"https:\/\/www.copel.com\/site\/wp-json\/wp\/v2\/posts\/38495\/revisions\/38496"}],"wp:featuredmedia":[{"embeddable":true,"href":"https:\/\/www.copel.com\/site\/wp-json\/wp\/v2\/media\/38493"}],"wp:attachment":[{"href":"https:\/\/www.copel.com\/site\/wp-json\/wp\/v2\/media?parent=38495"}],"wp:term":[{"taxonomy":"category","embeddable":true,"href":"https:\/\/www.copel.com\/site\/wp-json\/wp\/v2\/categories?post=38495"},{"taxonomy":"post_tag","embeddable":true,"href":"https:\/\/www.copel.com\/site\/wp-json\/wp\/v2\/tags?post=38495"}],"curies":[{"name":"wp","href":"https:\/\/api.w.org\/{rel}","templated":true}]}}