{"id":37718,"date":"2024-05-14T10:58:43","date_gmt":"2024-05-14T13:58:43","guid":{"rendered":"https:\/\/www.copel.com\/site\/?p=37718"},"modified":"2024-05-14T14:26:55","modified_gmt":"2024-05-14T17:26:55","slug":"programa-cultivar-energia-inaugura-primeira-horta-comunitaria-no-norte-pioneiro","status":"publish","type":"post","link":"https:\/\/www.copel.com\/site\/noticias\/programa-cultivar-energia-inaugura-primeira-horta-comunitaria-no-norte-pioneiro\/","title":{"rendered":"Programa Cultivar Energia inaugura primeira horta comunit\u00e1ria no Norte Pioneiro"},"content":{"rendered":"\n<p>O programa&nbsp;<a href=\"https:\/\/nam10.safelinks.protection.outlook.com\/?url=https%3A%2F%2Fcopelsustentabilidade.com%2Fprogramas%2Fcultivar-energia%2F&amp;data=05%7C02%7Crakelly%40copel.com%7C8041e41d525c49b6d5b808dc741cadde%7C9b60158ed4554e80aa7c17cd9ffce6ba%7C0%7C0%7C638512914049270495%7CUnknown%7CTWFpbGZsb3d8eyJWIjoiMC4wLjAwMDAiLCJQIjoiV2luMzIiLCJBTiI6Ik1haWwiLCJXVCI6Mn0%3D%7C60000%7C%7C%7C&amp;sdata=kQY0PbZ%2BTbFJ6OCzW9bPeVBrK%2Fmdge1bIoik2RH6voU%3D&amp;reserved=0\" target=\"_blank\" rel=\"noreferrer noopener\">Cultivar Energia<\/a>&nbsp;inaugurou na \u00faltima sexta-feira (10) as hortas comunit\u00e1rias Novo Horizonte I e Novo Horizonte II, implantadas sob linhas de energia da Copel localizadas no Bairro Vila Nova, no munic\u00edpio de Siqueira Campos. A \u00e1rea de 2 mil metros quadrados ser\u00e1 cultivada por quinze fam\u00edlias que j\u00e1 est\u00e3o cadastradas, e s\u00e3o as primeiras unidades do Programa instaladas no Norte Pioneiro do Paran\u00e1. Os canteiros ser\u00e3o cultivados por fam\u00edlias moradoras das comunidades do entorno, de maneira volunt\u00e1ria.<\/p>\n\n\n\n<p>Os produtos cultivados servir\u00e3o para consumo pr\u00f3prio, mas tamb\u00e9m poder\u00e3o ser doados e vendidos diretamente pelos participantes do Programa, que funciona em parceria com as prefeituras de cada munic\u00edpio. Na din\u00e2mica, a Copel \u00e9 respons\u00e1vel pela cess\u00e3o de uso da faixa, cercamento das \u00e1reas, e orienta\u00e7\u00e3o das fam\u00edlias participantes sobre a seguran\u00e7a no uso do espa\u00e7o. O munic\u00edpio oferece a assessoria t\u00e9cnica para a agricultura urbana, faz a prepara\u00e7\u00e3o da terra, dos canteiros e \u00e9 respons\u00e1vel pelo cadastro e acompanhamento das fam\u00edlias.<\/p>\n\n\n\n<figure class=\"wp-block-image size-large\"><img fetchpriority=\"high\" decoding=\"async\" width=\"2560\" height=\"1440\" src=\"https:\/\/www.copel.com\/site\/wp-content\/uploads\/2024\/05\/site_2024-05-10-Area-Cultivar-Energia-Siqueira-Campos2_Voluntarios-edited-scaled.jpg\" alt=\"\" class=\"wp-image-37721\" srcset=\"https:\/\/www.copel.com\/site\/wp-content\/uploads\/2024\/05\/site_2024-05-10-Area-Cultivar-Energia-Siqueira-Campos2_Voluntarios-edited-scaled.jpg 2560w, https:\/\/www.copel.com\/site\/wp-content\/uploads\/2024\/05\/site_2024-05-10-Area-Cultivar-Energia-Siqueira-Campos2_Voluntarios-edited-300x169.jpg 300w, https:\/\/www.copel.com\/site\/wp-content\/uploads\/2024\/05\/site_2024-05-10-Area-Cultivar-Energia-Siqueira-Campos2_Voluntarios-edited-1024x576.jpg 1024w, https:\/\/www.copel.com\/site\/wp-content\/uploads\/2024\/05\/site_2024-05-10-Area-Cultivar-Energia-Siqueira-Campos2_Voluntarios-edited-768x432.jpg 768w, https:\/\/www.copel.com\/site\/wp-content\/uploads\/2024\/05\/site_2024-05-10-Area-Cultivar-Energia-Siqueira-Campos2_Voluntarios-edited-1536x864.jpg 1536w, https:\/\/www.copel.com\/site\/wp-content\/uploads\/2024\/05\/site_2024-05-10-Area-Cultivar-Energia-Siqueira-Campos2_Voluntarios-edited-2048x1152.jpg 2048w\" sizes=\"(max-width: 2560px) 100vw, 2560px\" \/><figcaption class=\"wp-element-caption\">Volunt\u00e1rios da horta Cultivar Energia participaram do evento em Siqueira Campos<\/figcaption><\/figure>\n\n\n\n<p>Daniele Ciotta, gerente de Meio Ambiente e Responsabilidade Social, destaca que as hortas comunit\u00e1rias t\u00eam um impacto positivo abrangente para a empresa, para o munic\u00edpio e para a comunidade como um todo. \u201cEssas hortas n\u00e3o s\u00f3 contribuem para a produ\u00e7\u00e3o de alimentos saud\u00e1veis, mas tamb\u00e9m para o aumento da renda das fam\u00edlias e para a inclus\u00e3o social\u201d, enfatiza.<\/p>\n\n\n\n<p>O prefeito de Siqueira Campos, Luiz Henrique Germano comemorou a parceria. \u201cPara n\u00f3s \u00e9 uma alegria, pois \u00e9 uma transforma\u00e7\u00e3o para a popula\u00e7\u00e3o. Mexe com os sonhos das pessoas e contribui com a economia circular, com a produ\u00e7\u00e3o de alimentos saud\u00e1veis, o que \u00e9 muito importante pra todos n\u00f3s\u201d, comentou.<\/p>\n\n\n\n<p>O evento de inaugura\u00e7\u00e3o contou com a participa\u00e7\u00e3o de volunt\u00e1rios que atuar\u00e3o no cultivo da \u00e1rea, a exemplo da moradora Ana Paula Teodoro, que v\u00ea as hortas como uma oportunidade de ajudar a comunidade. &#8220;Eu e o meu pai vamos trabalhar juntos e a gente quer plantar para consumo pr\u00f3prio e doar para as pessoas que n\u00e3o t\u00eam condi\u00e7\u00f5es de comprar\u201d, prev\u00ea.<\/p>\n\n\n\n<h3 class=\"wp-block-heading\">Hortas j\u00e1 est\u00e3o em nove cidades<\/h3>\n\n\n\n<p>Com a \u00e1rea rec\u00e9m-inaugurada em Siqueira Campos, j\u00e1 s\u00e3o 20 hortas comunit\u00e1rias em funcionamento por meio do Programa Cultivar Energia, que desde 2013 j\u00e1 beneficiou mais de 500 fam\u00edlias e viabilizou espa\u00e7os para o plantio de hortali\u00e7as e legumes em Cascavel, Curitiba, Francisco Beltr\u00e3o, Londrina, Maring\u00e1, Ponta Grossa, Foz do Igua\u00e7u e Umuarama. Ao todo, j\u00e1 s\u00e3o mais de 90 mil m\u00b2 de \u00e1reas destinadas para plantio de hortali\u00e7as e legumes em faixas de seguran\u00e7a de linhas da Copel.<\/p>\n\n\n\n<h3 class=\"wp-block-heading\">Promo\u00e7\u00e3o da sa\u00fade <\/h3>\n\n\n\n<p>De acordo com a chefe da Divis\u00e3o de Desenvolvimento Urbano e Ambiental de Siqueira Campos, Rosamaria da Silva Marra Brocal, ap\u00f3s o cercamento das hortas realizado pela Copel e a prepara\u00e7\u00e3o do solo pela Secretaria de Obras do munic\u00edpio, as pr\u00f3ximas etapas s\u00e3o a implementa\u00e7\u00e3o das t\u00e9cnicas de irriga\u00e7\u00e3o e a chegada das mudas para as fam\u00edlias. Todas as hortali\u00e7as e legumes das hortas comunit\u00e1rias sob linhas da Copel s\u00e3o livres de agrot\u00f3xicos, o que contribui para a preserva\u00e7\u00e3o da qualidade do solo e da \u00e1gua, e ainda garante alimenta\u00e7\u00e3o de qualidade para as fam\u00edlias.<\/p>\n\n\n\n<figure class=\"wp-block-gallery has-nested-images columns-default is-cropped wp-block-gallery-1 is-layout-flex wp-block-gallery-is-layout-flex\">\n<figure class=\"wp-block-image size-large\"><img decoding=\"async\" width=\"1024\" height=\"604\" data-id=\"37723\" src=\"https:\/\/www.copel.com\/site\/wp-content\/uploads\/2024\/05\/2024-05-10-Area-Cultivar-Energia-Siqueira-Campos-1-1024x604.png\" alt=\"\" class=\"wp-image-37723\" srcset=\"https:\/\/www.copel.com\/site\/wp-content\/uploads\/2024\/05\/2024-05-10-Area-Cultivar-Energia-Siqueira-Campos-1-1024x604.png 1024w, https:\/\/www.copel.com\/site\/wp-content\/uploads\/2024\/05\/2024-05-10-Area-Cultivar-Energia-Siqueira-Campos-1-300x177.png 300w, https:\/\/www.copel.com\/site\/wp-content\/uploads\/2024\/05\/2024-05-10-Area-Cultivar-Energia-Siqueira-Campos-1-768x453.png 768w, https:\/\/www.copel.com\/site\/wp-content\/uploads\/2024\/05\/2024-05-10-Area-Cultivar-Energia-Siqueira-Campos-1-1536x907.png 1536w, https:\/\/www.copel.com\/site\/wp-content\/uploads\/2024\/05\/2024-05-10-Area-Cultivar-Energia-Siqueira-Campos-1-2048x1209.png 2048w\" sizes=\"(max-width: 1024px) 100vw, 1024px\" \/><\/figure>\n\n\n\n<figure class=\"wp-block-image size-large\"><img decoding=\"async\" width=\"1024\" height=\"682\" data-id=\"37722\" src=\"https:\/\/www.copel.com\/site\/wp-content\/uploads\/2024\/05\/site_2024-05-10-Area-Cultivar-Energia-Siqueira-Campos-1024x682.jpg\" alt=\"\" class=\"wp-image-37722\" srcset=\"https:\/\/www.copel.com\/site\/wp-content\/uploads\/2024\/05\/site_2024-05-10-Area-Cultivar-Energia-Siqueira-Campos-1024x682.jpg 1024w, https:\/\/www.copel.com\/site\/wp-content\/uploads\/2024\/05\/site_2024-05-10-Area-Cultivar-Energia-Siqueira-Campos-300x200.jpg 300w, https:\/\/www.copel.com\/site\/wp-content\/uploads\/2024\/05\/site_2024-05-10-Area-Cultivar-Energia-Siqueira-Campos-768x512.jpg 768w, https:\/\/www.copel.com\/site\/wp-content\/uploads\/2024\/05\/site_2024-05-10-Area-Cultivar-Energia-Siqueira-Campos-1536x1024.jpg 1536w, https:\/\/www.copel.com\/site\/wp-content\/uploads\/2024\/05\/site_2024-05-10-Area-Cultivar-Energia-Siqueira-Campos.jpg 2000w\" sizes=\"(max-width: 1024px) 100vw, 1024px\" \/><\/figure>\n<\/figure>\n","protected":false},"excerpt":{"rendered":"<p>O programa&nbsp;Cultivar Energia&nbsp;inaugurou na \u00faltima sexta-feira (10) as hortas comunit\u00e1rias Novo Horizonte I e Novo Horizonte II, implantadas sob linhas de energia da Copel localizadas no Bairro Vila Nova, no munic\u00edpio de Siqueira Campos. A \u00e1rea de 2 mil metros quadrados ser\u00e1 cultivada por quinze fam\u00edlias que j\u00e1 est\u00e3o cadastradas, e s\u00e3o as primeiras unidades [&hellip;]<\/p>\n","protected":false},"author":20,"featured_media":37724,"comment_status":"closed","ping_status":"closed","sticky":false,"template":"","format":"standard","meta":{"_acf_changed":false,"footnotes":""},"categories":[2,677,142,10],"tags":[],"class_list":["post-37718","post","type-post","status-publish","format-standard","has-post-thumbnail","hentry","category-distribuicao","category-meio-ambiente","category-noticias","category-sustentabilidade"],"acf":[],"aioseo_notices":[],"_links":{"self":[{"href":"https:\/\/www.copel.com\/site\/wp-json\/wp\/v2\/posts\/37718","targetHints":{"allow":["GET"]}}],"collection":[{"href":"https:\/\/www.copel.com\/site\/wp-json\/wp\/v2\/posts"}],"about":[{"href":"https:\/\/www.copel.com\/site\/wp-json\/wp\/v2\/types\/post"}],"author":[{"embeddable":true,"href":"https:\/\/www.copel.com\/site\/wp-json\/wp\/v2\/users\/20"}],"replies":[{"embeddable":true,"href":"https:\/\/www.copel.com\/site\/wp-json\/wp\/v2\/comments?post=37718"}],"version-history":[{"count":1,"href":"https:\/\/www.copel.com\/site\/wp-json\/wp\/v2\/posts\/37718\/revisions"}],"predecessor-version":[{"id":37725,"href":"https:\/\/www.copel.com\/site\/wp-json\/wp\/v2\/posts\/37718\/revisions\/37725"}],"wp:featuredmedia":[{"embeddable":true,"href":"https:\/\/www.copel.com\/site\/wp-json\/wp\/v2\/media\/37724"}],"wp:attachment":[{"href":"https:\/\/www.copel.com\/site\/wp-json\/wp\/v2\/media?parent=37718"}],"wp:term":[{"taxonomy":"category","embeddable":true,"href":"https:\/\/www.copel.com\/site\/wp-json\/wp\/v2\/categories?post=37718"},{"taxonomy":"post_tag","embeddable":true,"href":"https:\/\/www.copel.com\/site\/wp-json\/wp\/v2\/tags?post=37718"}],"curies":[{"name":"wp","href":"https:\/\/api.w.org\/{rel}","templated":true}]}}