{"id":37622,"date":"2024-05-13T09:13:25","date_gmt":"2024-05-13T12:13:25","guid":{"rendered":"https:\/\/www.copel.com\/site\/?p=37622"},"modified":"2024-05-13T10:21:18","modified_gmt":"2024-05-13T13:21:18","slug":"curso-gratuito-para-atuacao-no-setor-eletrico-abre-inscricoes-em-ponta-grossa","status":"publish","type":"post","link":"https:\/\/www.copel.com\/site\/noticias\/curso-gratuito-para-atuacao-no-setor-eletrico-abre-inscricoes-em-ponta-grossa\/","title":{"rendered":"Curso gratuito para atua\u00e7\u00e3o no setor el\u00e9trico abre inscri\u00e7\u00f5es em Ponta Grossa"},"content":{"rendered":"\n<p>A Copel oferta gratuitamente, em mais um munic\u00edpio,&nbsp;o curso de Forma\u00e7\u00e3o B\u00e1sica de Eletricista de Distribui\u00e7\u00e3o, destinado a homens e mulheres acima de 18 anos com ensino fundamental completo. O curso que j\u00e1 est\u00e1 com turmas em andamento em Curitiba, Cascavel, Londrina e Maring\u00e1, agora abre inscri\u00e7\u00f5es tamb\u00e9m em Ponta Grossa. <\/p>\n\n\n\n<p>O objetivo \u00e9 capacitar os participantes para oportunidades profissionais no setor el\u00e9trico, mesmo que a pessoa n\u00e3o tenha experi\u00eancia pr\u00e9via na \u00e1rea. As aulas s\u00e3o 100% presenciais, com aproximadamente tr\u00eas meses de dura\u00e7\u00e3o. A primeira turma em Ponta Grossa inicia j\u00e1 nesta semana, na quarta-feira (15).\u00a0A programa\u00e7\u00e3o tem a parceria da Universidade Estadual de Ponta Grossa (UEPG), que ceder\u00e1 espa\u00e7os para a realiza\u00e7\u00e3o das atividades, al\u00e9m da Associa\u00e7\u00e3o Comercial e Industrial da cidade (ACIPG).<\/p>\n\n\n\n<p>O curso \u00e9 composto por 15 m\u00f3dulos, com aulas te\u00f3ricas e pr\u00e1ticas que abordam desde os fundamentos b\u00e1sicos de eletricidade at\u00e9 as normas regulamentadoras essenciais, incluindo padr\u00f5es de seguran\u00e7a para o trabalho em altura.&nbsp;As&nbsp;aulas ocorrem de segunda a sexta, das 8h \u00e0s 17h.<\/p>\n\n\n\n<p>Al\u00e9m disso, os participantes aprender\u00e3o sobre a constru\u00e7\u00e3o e manuten\u00e7\u00e3o de redes de distribui\u00e7\u00e3o, com a oportunidade de se apropriarem de uma base s\u00f3lida de conhecimento e habilidades pr\u00e1ticas necess\u00e1rias para atuar no segmento.&nbsp;Ao final do curso \u00e9 realizada uma avalia\u00e7\u00e3o, e os aprovados receber\u00e3o certificado no momento da conclus\u00e3o. Tamb\u00e9m estar\u00e3o aptos ao processo de sele\u00e7\u00e3o de profissionais que atuam em empresas prestadoras de servi\u00e7o no setor de distribui\u00e7\u00e3o de energia.&nbsp;<\/p>\n\n\n\n<p><strong>INSCRI\u00c7\u00d5ES&nbsp;<\/strong>\u2013 As inscri\u00e7\u00f5es podem ser feitas a partir desta segunda-feira, dia 13&nbsp;de maio, de&nbsp;forma presencial na Ag\u00eancia do Trabalhador: &nbsp;<\/p>\n\n\n\n<p><strong>Ag\u00eancia do Trabalhador de Ponta Grossa<\/strong><\/p>\n\n\n\n<p>Rua Doutor Colares, 394<\/p>\n\n\n\n<p>Telefone (42) 3220-1070<\/p>\n\n\n\n<p>Hor\u00e1rio de funcionamento: 8h \u00e0s 15h<\/p>\n\n\n\n<figure class=\"wp-block-gallery has-nested-images columns-default is-cropped wp-block-gallery-1 is-layout-flex wp-block-gallery-is-layout-flex\">\n<figure class=\"wp-block-image size-large\"><img fetchpriority=\"high\" decoding=\"async\" width=\"1024\" height=\"683\" data-id=\"37623\" src=\"https:\/\/www.copel.com\/site\/wp-content\/uploads\/2024\/05\/2024-04-29-Curso-basico-eletricista-distribuicao-Londrina-18-1024x683.jpg\" alt=\"\" class=\"wp-image-37623\" srcset=\"https:\/\/www.copel.com\/site\/wp-content\/uploads\/2024\/05\/2024-04-29-Curso-basico-eletricista-distribuicao-Londrina-18-1024x683.jpg 1024w, https:\/\/www.copel.com\/site\/wp-content\/uploads\/2024\/05\/2024-04-29-Curso-basico-eletricista-distribuicao-Londrina-18-300x200.jpg 300w, https:\/\/www.copel.com\/site\/wp-content\/uploads\/2024\/05\/2024-04-29-Curso-basico-eletricista-distribuicao-Londrina-18-768x512.jpg 768w, https:\/\/www.copel.com\/site\/wp-content\/uploads\/2024\/05\/2024-04-29-Curso-basico-eletricista-distribuicao-Londrina-18-1536x1024.jpg 1536w, https:\/\/www.copel.com\/site\/wp-content\/uploads\/2024\/05\/2024-04-29-Curso-basico-eletricista-distribuicao-Londrina-18-2048x1365.jpg 2048w\" sizes=\"(max-width: 1024px) 100vw, 1024px\" \/><\/figure>\n\n\n\n<figure class=\"wp-block-image size-large\"><img decoding=\"async\" width=\"1024\" height=\"683\" data-id=\"37624\" src=\"https:\/\/www.copel.com\/site\/wp-content\/uploads\/2024\/05\/Treinamento-capacitacao-profissional-de-eletricistas-da-comunidade-Polo-Atuba-58-1024x683.png\" alt=\"\" class=\"wp-image-37624\" srcset=\"https:\/\/www.copel.com\/site\/wp-content\/uploads\/2024\/05\/Treinamento-capacitacao-profissional-de-eletricistas-da-comunidade-Polo-Atuba-58-1024x683.png 1024w, https:\/\/www.copel.com\/site\/wp-content\/uploads\/2024\/05\/Treinamento-capacitacao-profissional-de-eletricistas-da-comunidade-Polo-Atuba-58-300x200.png 300w, https:\/\/www.copel.com\/site\/wp-content\/uploads\/2024\/05\/Treinamento-capacitacao-profissional-de-eletricistas-da-comunidade-Polo-Atuba-58-768x512.png 768w, https:\/\/www.copel.com\/site\/wp-content\/uploads\/2024\/05\/Treinamento-capacitacao-profissional-de-eletricistas-da-comunidade-Polo-Atuba-58-1536x1024.png 1536w, https:\/\/www.copel.com\/site\/wp-content\/uploads\/2024\/05\/Treinamento-capacitacao-profissional-de-eletricistas-da-comunidade-Polo-Atuba-58-2048x1365.png 2048w\" sizes=\"(max-width: 1024px) 100vw, 1024px\" \/><\/figure>\n<figcaption class=\"blocks-gallery-caption wp-element-caption\">Imagens do curso b\u00e1sico de forma\u00e7\u00e3o de eletricistas de distribui\u00e7\u00e3o em Curitiba e Londrina<\/figcaption><\/figure>\n\n\n\n<figure class=\"wp-block-gallery has-nested-images columns-default is-cropped wp-block-gallery-2 is-layout-flex wp-block-gallery-is-layout-flex\">\n<figure class=\"wp-block-image size-large\"><img decoding=\"async\" width=\"1024\" height=\"656\" data-id=\"37625\" src=\"https:\/\/www.copel.com\/site\/wp-content\/uploads\/2024\/05\/Treinamento-capacitacao-profissional-de-eletricistas-da-comunidade-Polo-Atuba-1024x656.png\" alt=\"\" class=\"wp-image-37625\" srcset=\"https:\/\/www.copel.com\/site\/wp-content\/uploads\/2024\/05\/Treinamento-capacitacao-profissional-de-eletricistas-da-comunidade-Polo-Atuba-1024x656.png 1024w, https:\/\/www.copel.com\/site\/wp-content\/uploads\/2024\/05\/Treinamento-capacitacao-profissional-de-eletricistas-da-comunidade-Polo-Atuba-300x192.png 300w, https:\/\/www.copel.com\/site\/wp-content\/uploads\/2024\/05\/Treinamento-capacitacao-profissional-de-eletricistas-da-comunidade-Polo-Atuba-768x492.png 768w, https:\/\/www.copel.com\/site\/wp-content\/uploads\/2024\/05\/Treinamento-capacitacao-profissional-de-eletricistas-da-comunidade-Polo-Atuba-1536x985.png 1536w, https:\/\/www.copel.com\/site\/wp-content\/uploads\/2024\/05\/Treinamento-capacitacao-profissional-de-eletricistas-da-comunidade-Polo-Atuba-2048x1313.png 2048w\" sizes=\"(max-width: 1024px) 100vw, 1024px\" \/><\/figure>\n\n\n\n<figure class=\"wp-block-image size-large\"><img loading=\"lazy\" decoding=\"async\" width=\"1024\" height=\"683\" data-id=\"37626\" src=\"https:\/\/www.copel.com\/site\/wp-content\/uploads\/2024\/05\/Treinamento-capacitacao-profissional-de-eletricistas-da-comunidade-Polo-Atuba-18-1024x683.png\" alt=\"\" class=\"wp-image-37626\" srcset=\"https:\/\/www.copel.com\/site\/wp-content\/uploads\/2024\/05\/Treinamento-capacitacao-profissional-de-eletricistas-da-comunidade-Polo-Atuba-18-1024x683.png 1024w, https:\/\/www.copel.com\/site\/wp-content\/uploads\/2024\/05\/Treinamento-capacitacao-profissional-de-eletricistas-da-comunidade-Polo-Atuba-18-300x200.png 300w, https:\/\/www.copel.com\/site\/wp-content\/uploads\/2024\/05\/Treinamento-capacitacao-profissional-de-eletricistas-da-comunidade-Polo-Atuba-18-768x512.png 768w, https:\/\/www.copel.com\/site\/wp-content\/uploads\/2024\/05\/Treinamento-capacitacao-profissional-de-eletricistas-da-comunidade-Polo-Atuba-18-1536x1024.png 1536w, https:\/\/www.copel.com\/site\/wp-content\/uploads\/2024\/05\/Treinamento-capacitacao-profissional-de-eletricistas-da-comunidade-Polo-Atuba-18-2048x1365.png 2048w\" sizes=\"(max-width: 1024px) 100vw, 1024px\" \/><\/figure>\n<\/figure>\n","protected":false},"excerpt":{"rendered":"<p>A Copel oferta gratuitamente, em mais um munic\u00edpio,&nbsp;o curso de Forma\u00e7\u00e3o B\u00e1sica de Eletricista de Distribui\u00e7\u00e3o, destinado a homens e mulheres acima de 18 anos com ensino fundamental completo. O curso que j\u00e1 est\u00e1 com turmas em andamento em Curitiba, Cascavel, Londrina e Maring\u00e1, agora abre inscri\u00e7\u00f5es tamb\u00e9m em Ponta Grossa. O objetivo \u00e9 capacitar [&hellip;]<\/p>\n","protected":false},"author":20,"featured_media":37627,"comment_status":"closed","ping_status":"closed","sticky":false,"template":"","format":"standard","meta":{"_acf_changed":false,"footnotes":""},"categories":[2,142,54,10],"tags":[816,804,43,326,187,13,18,9,815],"class_list":["post-37622","post","type-post","status-publish","format-standard","has-post-thumbnail","hentry","category-distribuicao","category-noticias","category-seguranca","category-sustentabilidade","tag-capacitacao","tag-curso","tag-distribuicao","tag-educacao","tag-esg","tag-ods","tag-seguranca","tag-sustentabilidade","tag-treinamento"],"acf":[],"aioseo_notices":[],"_links":{"self":[{"href":"https:\/\/www.copel.com\/site\/wp-json\/wp\/v2\/posts\/37622","targetHints":{"allow":["GET"]}}],"collection":[{"href":"https:\/\/www.copel.com\/site\/wp-json\/wp\/v2\/posts"}],"about":[{"href":"https:\/\/www.copel.com\/site\/wp-json\/wp\/v2\/types\/post"}],"author":[{"embeddable":true,"href":"https:\/\/www.copel.com\/site\/wp-json\/wp\/v2\/users\/20"}],"replies":[{"embeddable":true,"href":"https:\/\/www.copel.com\/site\/wp-json\/wp\/v2\/comments?post=37622"}],"version-history":[{"count":3,"href":"https:\/\/www.copel.com\/site\/wp-json\/wp\/v2\/posts\/37622\/revisions"}],"predecessor-version":[{"id":37636,"href":"https:\/\/www.copel.com\/site\/wp-json\/wp\/v2\/posts\/37622\/revisions\/37636"}],"wp:featuredmedia":[{"embeddable":true,"href":"https:\/\/www.copel.com\/site\/wp-json\/wp\/v2\/media\/37627"}],"wp:attachment":[{"href":"https:\/\/www.copel.com\/site\/wp-json\/wp\/v2\/media?parent=37622"}],"wp:term":[{"taxonomy":"category","embeddable":true,"href":"https:\/\/www.copel.com\/site\/wp-json\/wp\/v2\/categories?post=37622"},{"taxonomy":"post_tag","embeddable":true,"href":"https:\/\/www.copel.com\/site\/wp-json\/wp\/v2\/tags?post=37622"}],"curies":[{"name":"wp","href":"https:\/\/api.w.org\/{rel}","templated":true}]}}