{"id":36714,"date":"2024-04-16T10:40:05","date_gmt":"2024-04-16T13:40:05","guid":{"rendered":"https:\/\/www.copel.com\/site\/?p=36714"},"modified":"2024-05-17T14:54:39","modified_gmt":"2024-05-17T17:54:39","slug":"com-investimento-de-r-206-milhoes-tres-novas-usinas-solares-entram-em-operacao","status":"publish","type":"post","link":"https:\/\/www.copel.com\/site\/noticias\/com-investimento-de-r-206-milhoes-tres-novas-usinas-solares-entram-em-operacao\/","title":{"rendered":"Com investimento de R$ 20,6 milh\u00f5es, tr\u00eas novas usinas solares entram em opera\u00e7\u00e3o"},"content":{"rendered":"\n<p>A energia obtida a partir dos raios solares passa a compor com maior expressividade a matriz el\u00e9trica utilizada pela Copel em suas opera\u00e7\u00f5es internas, com a entrada em funcionamento de tr\u00eas novas plantas geradoras de energia solar. Em Arapongas e Paranacity, as usinas come\u00e7am a produzir energia no in\u00edcio do m\u00eas de abril, e uma terceira unidade, localizada em Umuarama, teve entrada em opera\u00e7\u00e3o na \u00faltima sexta-feira (12). Resultado de um investimento de R$20,6 milh\u00f5es, as tr\u00eas plantas t\u00eam capacidade equivalente \u00e0 necess\u00e1ria para abastecer 5 mil resid\u00eancias e fazem parte do esfor\u00e7o da companhia em neutralizar as emiss\u00f5es de gases do efeito estufa at\u00e9 2030.<\/p>\n\n\n\n<p>A eletricidade gerada por essas unidades ir\u00e1 responder por aproximadamente um ter\u00e7o do consumo da subsidi\u00e1ria de distribui\u00e7\u00e3o da empresa, o que equivale a uma economia de R$ 4,5 milh\u00f5es ao ano. Esta capacidade deve se expandir, com novos empreendimentos em fase de projeto e licenciamento, com foco nos pilares de responsabilidade ambiental, social e de governan\u00e7a que norteiam as a\u00e7\u00f5es da Copel. No final de 2023, a empresa j\u00e1 havia colocado em opera\u00e7\u00e3o seu primeiro sistema de minigera\u00e7\u00e3o fotovoltaica para consumo pr\u00f3prio, instalado na Unidade de Transmiss\u00e3o Centro-Sul, em Ponta Grossa (PR).<\/p>\n\n\n\n<p>Em Arapongas, a usina solar fica anexa \u00e0 subesta\u00e7\u00e3o Nova Aricanduva. A estrutura tem 1,4 MWp de capacidade, distribu\u00eddo em 2.548 pain\u00e9is, em uma \u00e1rea de 14 mil m\u00b2. Em Paranacity, o sistema possui 0,7MWp de pot\u00eancia, em um total de 1.288 pain\u00e9is, que ocupam uma \u00e1rea de 7 mil m\u00b2. E a maior das tr\u00eas unidades que chegaram \u00e0 fase de opera\u00e7\u00e3o neste m\u00eas fica em Umuarama, com 4.704 pain\u00e9is, em uma \u00e1rea de 31 mil m\u00b2, totalizando uma pot\u00eancia instalada de 2,6 MWp.<\/p>\n\n\n\n<figure class=\"wp-block-image size-full\"><img fetchpriority=\"high\" decoding=\"async\" width=\"900\" height=\"506\" src=\"https:\/\/www.copel.com\/site\/wp-content\/uploads\/2024\/04\/171216594629349_98d40bdb.jpg\" alt=\"\" class=\"wp-image-36722\" srcset=\"https:\/\/www.copel.com\/site\/wp-content\/uploads\/2024\/04\/171216594629349_98d40bdb.jpg 900w, https:\/\/www.copel.com\/site\/wp-content\/uploads\/2024\/04\/171216594629349_98d40bdb-300x169.jpg 300w, https:\/\/www.copel.com\/site\/wp-content\/uploads\/2024\/04\/171216594629349_98d40bdb-768x432.jpg 768w\" sizes=\"(max-width: 900px) 100vw, 900px\" \/><figcaption class=\"wp-element-caption\">Gera\u00e7\u00e3o solar da Copel em Aricanduva, distrito do munic\u00edpio de Arapongas<\/figcaption><\/figure>\n\n\n\n<p>SISTEMA INOVADOR &#8211; Todos os sistemas geram energia em corrente cont\u00ednua e contam com inversores para converter a energia para corrente alternada. Em seguida a corrente el\u00e9trica passa por um transformador, que eleva a tens\u00e3o de 800 volts para 13,8 mil volts (kV), sendo ent\u00e3o conectada \u00e0 rede el\u00e9trica. A novidade \u00e9 que, no arranjo constru\u00eddo, ser\u00e1 poss\u00edvel fazer o controle de diversos par\u00e2metros que podem potencializar benef\u00edcios para o sistema el\u00e9trico, como o ajuste remoto do fator de pot\u00eancia, que ser\u00e1 colocado em pr\u00e1tica pela primeira vez no pa\u00eds, em plantas de menor porte. Com o controle externo realizado \u00e0 dist\u00e2ncia espera-se potencializar os benef\u00edcios da gera\u00e7\u00e3o distribu\u00edda para o sistema el\u00e9trico.<\/p>\n\n\n\n<p>\u201cEsta iniciativa \u00e9 importante do ponto de vista da sustentabilidade, porque estamos aproveitando o espa\u00e7o n\u00e3o utilizado nestas subesta\u00e7\u00f5es para gerar energia renov\u00e1vel. Ao mesmo tempo, o projeto tem um car\u00e1ter inovador, porque nos permitir\u00e1 monitorar o funcionamento das centrais solares conectadas \u00e0s subesta\u00e7\u00f5es e tomar decis\u00f5es em tempo real\u201d, explica J\u00falio Shigeaki Omori, superintendente de projetos especiais da Copel.<\/p>\n\n\n\n<figure class=\"wp-block-image size-full\"><img decoding=\"async\" width=\"900\" height=\"506\" src=\"https:\/\/www.copel.com\/site\/wp-content\/uploads\/2024\/04\/Paranacity-edited.jpg\" alt=\"\" class=\"wp-image-36724\" srcset=\"https:\/\/www.copel.com\/site\/wp-content\/uploads\/2024\/04\/Paranacity-edited.jpg 900w, https:\/\/www.copel.com\/site\/wp-content\/uploads\/2024\/04\/Paranacity-edited-300x169.jpg 300w, https:\/\/www.copel.com\/site\/wp-content\/uploads\/2024\/04\/Paranacity-edited-768x432.jpg 768w\" sizes=\"(max-width: 900px) 100vw, 900px\" \/><figcaption class=\"wp-element-caption\">Usina solar em Paranacity, Noroeste do Estado<\/figcaption><\/figure>\n","protected":false},"excerpt":{"rendered":"<p>A energia obtida a partir dos raios solares passa a compor com maior expressividade a matriz el\u00e9trica utilizada pela Copel em suas opera\u00e7\u00f5es internas, com a entrada em funcionamento de tr\u00eas novas plantas geradoras de energia solar. Em Arapongas e Paranacity, as usinas come\u00e7am a produzir energia no in\u00edcio do m\u00eas de abril, e uma [&hellip;]<\/p>\n","protected":false},"author":20,"featured_media":36725,"comment_status":"closed","ping_status":"closed","sticky":false,"template":"","format":"standard","meta":{"_acf_changed":false,"footnotes":""},"categories":[2,50,10],"tags":[763,712,141,13,259,9],"class_list":["post-36714","post","type-post","status-publish","format-standard","has-post-thumbnail","hentry","category-distribuicao","category-geracao-distribuida","category-sustentabilidade","tag-energialimpa","tag-energiasolar","tag-investimentos","tag-ods","tag-ods7","tag-sustentabilidade"],"acf":[],"aioseo_notices":[],"_links":{"self":[{"href":"https:\/\/www.copel.com\/site\/wp-json\/wp\/v2\/posts\/36714","targetHints":{"allow":["GET"]}}],"collection":[{"href":"https:\/\/www.copel.com\/site\/wp-json\/wp\/v2\/posts"}],"about":[{"href":"https:\/\/www.copel.com\/site\/wp-json\/wp\/v2\/types\/post"}],"author":[{"embeddable":true,"href":"https:\/\/www.copel.com\/site\/wp-json\/wp\/v2\/users\/20"}],"replies":[{"embeddable":true,"href":"https:\/\/www.copel.com\/site\/wp-json\/wp\/v2\/comments?post=36714"}],"version-history":[{"count":1,"href":"https:\/\/www.copel.com\/site\/wp-json\/wp\/v2\/posts\/36714\/revisions"}],"predecessor-version":[{"id":36726,"href":"https:\/\/www.copel.com\/site\/wp-json\/wp\/v2\/posts\/36714\/revisions\/36726"}],"wp:featuredmedia":[{"embeddable":true,"href":"https:\/\/www.copel.com\/site\/wp-json\/wp\/v2\/media\/36725"}],"wp:attachment":[{"href":"https:\/\/www.copel.com\/site\/wp-json\/wp\/v2\/media?parent=36714"}],"wp:term":[{"taxonomy":"category","embeddable":true,"href":"https:\/\/www.copel.com\/site\/wp-json\/wp\/v2\/categories?post=36714"},{"taxonomy":"post_tag","embeddable":true,"href":"https:\/\/www.copel.com\/site\/wp-json\/wp\/v2\/tags?post=36714"}],"curies":[{"name":"wp","href":"https:\/\/api.w.org\/{rel}","templated":true}]}}