{"id":33919,"date":"2023-11-04T09:30:24","date_gmt":"2023-11-04T12:30:24","guid":{"rendered":"https:\/\/www.copel.com\/site\/?p=33919"},"modified":"2024-05-09T14:34:32","modified_gmt":"2024-05-09T17:34:32","slug":"pch-cavernoso-atualizacao-da-cheia","status":"publish","type":"post","link":"https:\/\/www.copel.com\/site\/noticias\/pch-cavernoso-atualizacao-da-cheia\/","title":{"rendered":"PCH Cavernoso &#8211; atualiza\u00e7\u00e3o da cheia"},"content":{"rendered":"\n<p>A Copel declarou, na noite de ontem (3), estado de emerg\u00eancia na Pequena Central Hidrel\u00e9trica Cavernoso, instalada no rio Cavernoso, entre os munic\u00edpios de Virmond e Cand\u00f3i, no centro-sul do Paran\u00e1. A condi\u00e7\u00e3o de cheia do rio que levou \u00e0 declara\u00e7\u00e3o de estado de emerg\u00eancia melhorou neste s\u00e1bado (4). A vaz\u00e3o do rio que atingiu o patamar de 1026 m\u00b3\/s na madrugada, est\u00e1 em 696 m\u00b3\/s nesta manh\u00e3. O n\u00edvel do reservat\u00f3rio que chegou a 562,93 m em rela\u00e7\u00e3o do n\u00edvel do mar, superando o limite de 562,75 m para declara\u00e7\u00e3o de estado de emerg\u00eancia, reduziu rapidamente nas \u00faltimas horas e, \u00e0s 9h, retornou \u00e0 cota 562,16 m, dentro do limite normal de opera\u00e7\u00e3o.&nbsp;&nbsp;<\/p>\n\n\n\n<p>Pela regulamenta\u00e7\u00e3o vigente sobre seguran\u00e7a de barragens, para declarar que a situa\u00e7\u00e3o retornou ao normal, \u00e9 necess\u00e1rio realizar uma inspe\u00e7\u00e3o \u00e0s estruturas da barragem, o que est\u00e1 previsto para a pr\u00f3xima ter\u00e7a-feira a depender das vaz\u00f5es previstas para o dia. Cavernoso \u00e9 uma usina pequena, com pot\u00eancia instalada de apenas 1,3 MW. A Copel mant\u00e9m contato permanente com a Defesa Civil a respeito da situa\u00e7\u00e3o.<\/p>\n","protected":false},"excerpt":{"rendered":"<p>A Copel declarou, na noite de ontem (3), estado de emerg\u00eancia na Pequena Central Hidrel\u00e9trica Cavernoso, instalada no rio Cavernoso, entre os munic\u00edpios de Virmond e Cand\u00f3i, no centro-sul do Paran\u00e1. A condi\u00e7\u00e3o de cheia do rio que levou \u00e0 declara\u00e7\u00e3o de estado de emerg\u00eancia melhorou neste s\u00e1bado (4). A vaz\u00e3o do rio que atingiu [&hellip;]<\/p>\n","protected":false},"author":23,"featured_media":33918,"comment_status":"closed","ping_status":"closed","sticky":false,"template":"","format":"standard","meta":{"_acf_changed":false,"footnotes":""},"categories":[6],"tags":[739,813],"class_list":["post-33919","post","type-post","status-publish","format-standard","has-post-thumbnail","hentry","category-geracao","tag-noticias","tag-segurancaget"],"acf":[],"aioseo_notices":[],"_links":{"self":[{"href":"https:\/\/www.copel.com\/site\/wp-json\/wp\/v2\/posts\/33919","targetHints":{"allow":["GET"]}}],"collection":[{"href":"https:\/\/www.copel.com\/site\/wp-json\/wp\/v2\/posts"}],"about":[{"href":"https:\/\/www.copel.com\/site\/wp-json\/wp\/v2\/types\/post"}],"author":[{"embeddable":true,"href":"https:\/\/www.copel.com\/site\/wp-json\/wp\/v2\/users\/23"}],"replies":[{"embeddable":true,"href":"https:\/\/www.copel.com\/site\/wp-json\/wp\/v2\/comments?post=33919"}],"version-history":[{"count":2,"href":"https:\/\/www.copel.com\/site\/wp-json\/wp\/v2\/posts\/33919\/revisions"}],"predecessor-version":[{"id":33921,"href":"https:\/\/www.copel.com\/site\/wp-json\/wp\/v2\/posts\/33919\/revisions\/33921"}],"wp:featuredmedia":[{"embeddable":true,"href":"https:\/\/www.copel.com\/site\/wp-json\/wp\/v2\/media\/33918"}],"wp:attachment":[{"href":"https:\/\/www.copel.com\/site\/wp-json\/wp\/v2\/media?parent=33919"}],"wp:term":[{"taxonomy":"category","embeddable":true,"href":"https:\/\/www.copel.com\/site\/wp-json\/wp\/v2\/categories?post=33919"},{"taxonomy":"post_tag","embeddable":true,"href":"https:\/\/www.copel.com\/site\/wp-json\/wp\/v2\/tags?post=33919"}],"curies":[{"name":"wp","href":"https:\/\/api.w.org\/{rel}","templated":true}]}}