{"id":33818,"date":"2023-10-27T11:49:50","date_gmt":"2023-10-27T14:49:50","guid":{"rendered":"https:\/\/www.copel.com\/site\/?p=33818"},"modified":"2024-05-09T14:36:15","modified_gmt":"2024-05-09T17:36:15","slug":"nota-copel-27-10-2023","status":"publish","type":"post","link":"https:\/\/www.copel.com\/site\/noticias\/nota-copel-27-10-2023\/","title":{"rendered":"NOTA COPEL \u2013 27\/10\/2023\u00a0\u00a0"},"content":{"rendered":"\n<p>Em virtude da previs\u00e3o de chuva intensa em algumas regi\u00f5es do Estado do Paran\u00e1 no per\u00edodo de 27 a 31 de outubro, as vaz\u00f5es nos rios onde a Copel opera usinas hidrel\u00e9tricas devem seguir elevadas e os vertedouros das barragens continuar\u00e3o abertos para manter as represas em n\u00edveis seguros de opera\u00e7\u00e3o.&nbsp;<\/p>\n\n\n\n<p><strong>IGUA\u00c7U <\/strong>\u2013 No rio Igua\u00e7u, as seis grandes usinas hidrel\u00e9tricas \u2013 tr\u00eas operadas pela Copel, est\u00e3o com as comportas abertas desde o in\u00edcio do m\u00eas de outubro. Diante desse cen\u00e1rio de altas vaz\u00f5es e da possibilidade de aumento nas pr\u00f3ximas horas, em Foz do Areia, a Copel est\u00e1 mantendo a gera\u00e7\u00e3o de energia maximizada e todas as comportas do vertedouro abertas \u2013 estrat\u00e9gia adotada para manter o n\u00edvel do reservat\u00f3rio mais baixo para receber o volume de \u00e1gua que vem da cabeceira do Igua\u00e7u, evitando agravar os alagamentos rio acima. Para o final de semana, a previs\u00e3o do Simepar \u00e9 de que chuvas mais intensas afetem as regi\u00f5es centro-sul e sudoeste, o que pode levar a um aumento expressivo das vaz\u00f5es nas usinas Segredo, Salto Caxias e Baixo Igua\u00e7u.&nbsp;<\/p>\n\n\n\n<p><strong>A\u00c7\u00c3O COORDENADA<\/strong> \u2013 A abertura dos vertedouros \u00e9 um procedimento padr\u00e3o para garantir a seguran\u00e7a das barragens e da popula\u00e7\u00e3o.&nbsp; As decis\u00f5es relativas \u00e0 opera\u00e7\u00e3o das usinas s\u00e3o tomadas de forma coordenada com as empresas respons\u00e1veis pelas demais usinas hidrel\u00e9tricas e comando do Operador Nacional do Sistema El\u00e9trico (ONS).&nbsp;<\/p>\n\n\n\n<p><strong>SEGURAN\u00c7A<\/strong> \u2013 A Copel refor\u00e7a que as comunidades ribeirinhas e frequentadores dos rios devem aumentar a aten\u00e7\u00e3o nesses per\u00edodos de cheia. Quando as usinas est\u00e3o com comportas abertas e vertendo, a correnteza aumenta tanto acima quanto abaixo da barragem, aumentando o risco de afogamentos e acidentes com embarca\u00e7\u00f5es.&nbsp;<\/p>\n\n\n\n<p>A situa\u00e7\u00e3o hidrol\u00f3gica dos rios onde a Copel opera reservat\u00f3rios pode ser acompanhada na p\u00e1gina de monitoramento da Copel, no endere\u00e7o <a href=\"https:\/\/www.copel.com\/mhbweb\" target=\"_blank\" rel=\"noreferrer noopener\">www.copel.com\/mhbweb<\/a>.<\/p>\n","protected":false},"excerpt":{"rendered":"<p>Em virtude da previs\u00e3o de chuva intensa em algumas regi\u00f5es do Estado do Paran\u00e1 no per\u00edodo de 27 a 31 de outubro, as vaz\u00f5es nos rios onde a Copel opera usinas hidrel\u00e9tricas devem seguir elevadas e os vertedouros das barragens continuar\u00e3o abertos para manter as represas em n\u00edveis seguros de opera\u00e7\u00e3o.&nbsp; IGUA\u00c7U \u2013 No rio [&hellip;]<\/p>\n","protected":false},"author":23,"featured_media":33817,"comment_status":"closed","ping_status":"closed","sticky":false,"template":"","format":"standard","meta":{"_acf_changed":false,"footnotes":""},"categories":[447],"tags":[448,813],"class_list":["post-33818","post","type-post","status-publish","format-standard","has-post-thumbnail","hentry","category-destaque","tag-destaque","tag-segurancaget"],"acf":[],"aioseo_notices":[],"_links":{"self":[{"href":"https:\/\/www.copel.com\/site\/wp-json\/wp\/v2\/posts\/33818","targetHints":{"allow":["GET"]}}],"collection":[{"href":"https:\/\/www.copel.com\/site\/wp-json\/wp\/v2\/posts"}],"about":[{"href":"https:\/\/www.copel.com\/site\/wp-json\/wp\/v2\/types\/post"}],"author":[{"embeddable":true,"href":"https:\/\/www.copel.com\/site\/wp-json\/wp\/v2\/users\/23"}],"replies":[{"embeddable":true,"href":"https:\/\/www.copel.com\/site\/wp-json\/wp\/v2\/comments?post=33818"}],"version-history":[{"count":2,"href":"https:\/\/www.copel.com\/site\/wp-json\/wp\/v2\/posts\/33818\/revisions"}],"predecessor-version":[{"id":37537,"href":"https:\/\/www.copel.com\/site\/wp-json\/wp\/v2\/posts\/33818\/revisions\/37537"}],"wp:featuredmedia":[{"embeddable":true,"href":"https:\/\/www.copel.com\/site\/wp-json\/wp\/v2\/media\/33817"}],"wp:attachment":[{"href":"https:\/\/www.copel.com\/site\/wp-json\/wp\/v2\/media?parent=33818"}],"wp:term":[{"taxonomy":"category","embeddable":true,"href":"https:\/\/www.copel.com\/site\/wp-json\/wp\/v2\/categories?post=33818"},{"taxonomy":"post_tag","embeddable":true,"href":"https:\/\/www.copel.com\/site\/wp-json\/wp\/v2\/tags?post=33818"}],"curies":[{"name":"wp","href":"https:\/\/api.w.org\/{rel}","templated":true}]}}