{"id":33096,"date":"2023-10-13T11:56:17","date_gmt":"2023-10-13T14:56:17","guid":{"rendered":"https:\/\/www.copel.com\/site\/?p=33096"},"modified":"2024-05-09T14:37:38","modified_gmt":"2024-05-09T17:37:38","slug":"vazoes-aumentam-em-todo-o-rio-iguacu","status":"publish","type":"post","link":"https:\/\/www.copel.com\/site\/noticias\/vazoes-aumentam-em-todo-o-rio-iguacu\/","title":{"rendered":"Vaz\u00f5es aumentam em todo o rio Igua\u00e7u"},"content":{"rendered":"\n<p>A Copel informa que, em virtude das chuvas registradas neste feriado em diversos pontos do Estado, as vaz\u00f5es nos rios onde a empresa opera usinas hidrel\u00e9tricas seguem subindo e os vertedouros das barragens seguir\u00e3o abertos para manter as represas em n\u00edveis seguros de opera\u00e7\u00e3o.<\/p>\n\n\n\n<p>No rio Igua\u00e7u existem seis grandes usinas hidrel\u00e9tricas &#8211; tr\u00eas operadas pela Copel. Na regi\u00e3o centro-sul do Estado, onde est\u00e3o as usinas Gov. Bento Munhoz da Rocha Netto (Foz do Areia) e Gov. Ney Braga (Segredo), desde a madrugada deste dia 12, o acumulado de chuvas chegou a valores da ordem de 100 mm, bem acima do apontado nas previs\u00f5es.&nbsp;&nbsp;<\/p>\n\n\n\n<p>Diante desse cen\u00e1rio, em Foz do Areia, a Copel est\u00e1 mantendo a gera\u00e7\u00e3o de energia em pot\u00eancia m\u00e1xima e abriu todas as comportas do vertedouro \u2013 assim, a quantidade de \u00e1gua que est\u00e1 sendo liberada rio abaixo \u00e9 equivalente ao volume que est\u00e1 chegando no reservat\u00f3rio \u2013 estrat\u00e9gia que evita agravar os alagamentos rio acima, na regi\u00e3o de Uni\u00e3o da Vit\u00f3ria.<\/p>\n\n\n\n<p>A segunda usina da cascata, Segredo, tamb\u00e9m est\u00e1 gerando mais energia e aumentou o vertimento, mantendo o reservat\u00f3rio pr\u00f3ximo de 95% de armazenamento. O mesmo acontece na Usina Gov. Jos\u00e9 Richa (Salto Caxias), na regi\u00e3o sudoeste do Paran\u00e1, que elevou a vaz\u00e3o vertida neste feriado.<\/p>\n\n\n\n<p>As chuvas intensas no alto e m\u00e9dio Igua\u00e7u e a consequente eleva\u00e7\u00e3o das vaz\u00f5es em toda a bacia deve levar tamb\u00e9m ao aumento do volume de \u00e1gua que chega \u00e0s Cataratas, em Foz do Igua\u00e7u. Ao meio-dia desta quinta (12), a vaz\u00e3o estava pr\u00f3xima de 6 milh\u00f5es de litros por segundo, mas h\u00e1 previs\u00e3o desse n\u00famero chegar a cerca de 11 milh\u00f5es de litros por segundo nas pr\u00f3ximas horas. A vaz\u00e3o m\u00e9dia hist\u00f3rica nas Cataratas \u00e9 de 1,5 milh\u00e3o de litros por segundo.<\/p>\n\n\n\n<p>A Usina Gov. Jayme Canet Jr (Mau\u00e1), localizada no rio Tibagi, e a represa do Capivari que alimenta a Usina Gov. Parigot de Souza \u2013 seguem com comportas abertas.<\/p>\n\n\n\n<p><strong>A\u00c7\u00c3O COORDENADA<\/strong> &#8211; A abertura dos vertedouros \u00e9 um procedimento padr\u00e3o para garantir a seguran\u00e7a das barragens e da popula\u00e7\u00e3o.&nbsp; As decis\u00f5es relativas \u00e0 opera\u00e7\u00e3o das usinas s\u00e3o tomadas de forma coordenada com as empresas respons\u00e1veis pelas demais usinas hidrel\u00e9tricas e comando do Operador Nacional do Sistema El\u00e9trico (ONS).<\/p>\n\n\n\n<p>A Copel refor\u00e7a que as comunidades ribeirinhas e frequentadores dos rios devem aumentar a aten\u00e7\u00e3o e evitar \u00e1reas de risco nesses per\u00edodos de cheia.&nbsp;&nbsp;<\/p>\n\n\n\n<p>A situa\u00e7\u00e3o hidrol\u00f3gica dos rios onde a Copel opera reservat\u00f3rios pode ser acompanhada na p\u00e1gina de monitoramento da Copel, no endere\u00e7o <a href=\"https:\/\/www.copel.com\/mhbweb\" rel=\"noreferrer noopener\" target=\"_blank\">www.copel.com\/mhbweb<\/a><\/p>\n","protected":false},"excerpt":{"rendered":"<p>A Copel informa que, em virtude das chuvas registradas neste feriado em diversos pontos do Estado, as vaz\u00f5es nos rios onde a empresa opera usinas hidrel\u00e9tricas seguem subindo e os vertedouros das barragens seguir\u00e3o abertos para manter as represas em n\u00edveis seguros de opera\u00e7\u00e3o. No rio Igua\u00e7u existem seis grandes usinas hidrel\u00e9tricas &#8211; tr\u00eas operadas [&hellip;]<\/p>\n","protected":false},"author":23,"featured_media":33095,"comment_status":"closed","ping_status":"closed","sticky":false,"template":"","format":"standard","meta":{"_acf_changed":false,"footnotes":""},"categories":[447],"tags":[448,813],"class_list":["post-33096","post","type-post","status-publish","format-standard","has-post-thumbnail","hentry","category-destaque","tag-destaque","tag-segurancaget"],"acf":[],"aioseo_notices":[],"_links":{"self":[{"href":"https:\/\/www.copel.com\/site\/wp-json\/wp\/v2\/posts\/33096","targetHints":{"allow":["GET"]}}],"collection":[{"href":"https:\/\/www.copel.com\/site\/wp-json\/wp\/v2\/posts"}],"about":[{"href":"https:\/\/www.copel.com\/site\/wp-json\/wp\/v2\/types\/post"}],"author":[{"embeddable":true,"href":"https:\/\/www.copel.com\/site\/wp-json\/wp\/v2\/users\/23"}],"replies":[{"embeddable":true,"href":"https:\/\/www.copel.com\/site\/wp-json\/wp\/v2\/comments?post=33096"}],"version-history":[{"count":2,"href":"https:\/\/www.copel.com\/site\/wp-json\/wp\/v2\/posts\/33096\/revisions"}],"predecessor-version":[{"id":37540,"href":"https:\/\/www.copel.com\/site\/wp-json\/wp\/v2\/posts\/33096\/revisions\/37540"}],"wp:featuredmedia":[{"embeddable":true,"href":"https:\/\/www.copel.com\/site\/wp-json\/wp\/v2\/media\/33095"}],"wp:attachment":[{"href":"https:\/\/www.copel.com\/site\/wp-json\/wp\/v2\/media?parent=33096"}],"wp:term":[{"taxonomy":"category","embeddable":true,"href":"https:\/\/www.copel.com\/site\/wp-json\/wp\/v2\/categories?post=33096"},{"taxonomy":"post_tag","embeddable":true,"href":"https:\/\/www.copel.com\/site\/wp-json\/wp\/v2\/tags?post=33096"}],"curies":[{"name":"wp","href":"https:\/\/api.w.org\/{rel}","templated":true}]}}