{"id":33067,"date":"2023-10-10T10:02:22","date_gmt":"2023-10-10T13:02:22","guid":{"rendered":"https:\/\/www.copel.com\/site\/?p=33067"},"modified":"2024-05-09T14:38:09","modified_gmt":"2024-05-09T17:38:09","slug":"usinas-da-copel-seguem-vertendo-ao-longo-da-semana","status":"publish","type":"post","link":"https:\/\/www.copel.com\/site\/noticias\/usinas-da-copel-seguem-vertendo-ao-longo-da-semana\/","title":{"rendered":"Usinas da Copel seguem vertendo ao longo da semana"},"content":{"rendered":"\n<p>A Copel informa que, devido \u00e0s chuvas registradas no \u00faltimo final de semana em todo o Paran\u00e1, houve aumento de vaz\u00e3o nos rios onde a empresa opera usinas hidrel\u00e9tricas e os vertedouros das barragens est\u00e3o sendo abertos sob comando do Operador Nacional do Sistema El\u00e9trico (ONS).&nbsp;&nbsp;<\/p>\n\n\n\n<p>As tr\u00eas grandes hidrel\u00e9tricas da Copel no rio Igua\u00e7u \u2013 Gov. Bento Munhoz da Rocha Netto (Foz do Areia), Gov. Ney Braga (Segredo) e Gov. Jos\u00e9 Richa (Salto Caxias) \u2013 tiveram comportas abertas no final de semana e seguem vertendo.<\/p>\n\n\n\n<p>No rio Tibagi, diante do aumento das vaz\u00f5es e da instabilidade do tempo que persiste na regi\u00e3o central do Estado, foi iniciado vertimento na Usina Gov. Jayme Canet Jr (Mau\u00e1) na manh\u00e3 de segunda.<\/p>\n\n\n\n<p>A Copel abriu tamb\u00e9m, preventivamente, as comportas da represa do Capivari, que alimenta a Usina Gov. Parigot de Souza. O objetivo \u00e9 baixar o n\u00edvel de \u00e1gua e permitir o armazenamento do volume de chuva previsto para a regi\u00e3o leste do Paran\u00e1 a partir de quinta-feira (12).&nbsp;&nbsp;<\/p>\n\n\n\n<p>A abertura dos vertedouros \u00e9 um procedimento padr\u00e3o para garantir a seguran\u00e7a das barragens e da popula\u00e7\u00e3o. A Copel refor\u00e7a que as comunidades ribeirinhas e frequentadores dos rios devem aumentar a aten\u00e7\u00e3o e evitar \u00e1reas de risco nesses per\u00edodos de cheia.&nbsp;&nbsp;<\/p>\n\n\n\n<p>A situa\u00e7\u00e3o hidrol\u00f3gica dos rios onde a Copel opera reservat\u00f3rios pode ser acompanhada na p\u00e1gina de monitoramento da Copel, no endere\u00e7o<a href=\"https:\/\/www.copel.com\/mhbweb\/paginas\/monitoramento.jsf\"> www.copel.com\/mhbweb<\/a><\/p>\n","protected":false},"excerpt":{"rendered":"<p>A Copel informa que, devido \u00e0s chuvas registradas no \u00faltimo final de semana em todo o Paran\u00e1, houve aumento de vaz\u00e3o nos rios onde a empresa opera usinas hidrel\u00e9tricas e os vertedouros das barragens est\u00e3o sendo abertos sob comando do Operador Nacional do Sistema El\u00e9trico (ONS).&nbsp;&nbsp; As tr\u00eas grandes hidrel\u00e9tricas da Copel no rio Igua\u00e7u [&hellip;]<\/p>\n","protected":false},"author":23,"featured_media":33068,"comment_status":"closed","ping_status":"closed","sticky":false,"template":"","format":"standard","meta":{"_acf_changed":false,"footnotes":""},"categories":[447],"tags":[448,813],"class_list":["post-33067","post","type-post","status-publish","format-standard","has-post-thumbnail","hentry","category-destaque","tag-destaque","tag-segurancaget"],"acf":[],"aioseo_notices":[],"_links":{"self":[{"href":"https:\/\/www.copel.com\/site\/wp-json\/wp\/v2\/posts\/33067","targetHints":{"allow":["GET"]}}],"collection":[{"href":"https:\/\/www.copel.com\/site\/wp-json\/wp\/v2\/posts"}],"about":[{"href":"https:\/\/www.copel.com\/site\/wp-json\/wp\/v2\/types\/post"}],"author":[{"embeddable":true,"href":"https:\/\/www.copel.com\/site\/wp-json\/wp\/v2\/users\/23"}],"replies":[{"embeddable":true,"href":"https:\/\/www.copel.com\/site\/wp-json\/wp\/v2\/comments?post=33067"}],"version-history":[{"count":1,"href":"https:\/\/www.copel.com\/site\/wp-json\/wp\/v2\/posts\/33067\/revisions"}],"predecessor-version":[{"id":33069,"href":"https:\/\/www.copel.com\/site\/wp-json\/wp\/v2\/posts\/33067\/revisions\/33069"}],"wp:featuredmedia":[{"embeddable":true,"href":"https:\/\/www.copel.com\/site\/wp-json\/wp\/v2\/media\/33068"}],"wp:attachment":[{"href":"https:\/\/www.copel.com\/site\/wp-json\/wp\/v2\/media?parent=33067"}],"wp:term":[{"taxonomy":"category","embeddable":true,"href":"https:\/\/www.copel.com\/site\/wp-json\/wp\/v2\/categories?post=33067"},{"taxonomy":"post_tag","embeddable":true,"href":"https:\/\/www.copel.com\/site\/wp-json\/wp\/v2\/tags?post=33067"}],"curies":[{"name":"wp","href":"https:\/\/api.w.org\/{rel}","templated":true}]}}