{"id":33055,"date":"2023-10-07T11:55:14","date_gmt":"2023-10-07T14:55:14","guid":{"rendered":"https:\/\/www.copel.com\/site\/?p=33055"},"modified":"2024-05-09T14:38:33","modified_gmt":"2024-05-09T17:38:33","slug":"comunidades-ribeirinhas-devem-redobrar-a-atencao-com-as-chuvas","status":"publish","type":"post","link":"https:\/\/www.copel.com\/site\/noticias\/comunidades-ribeirinhas-devem-redobrar-a-atencao-com-as-chuvas\/","title":{"rendered":"Comunidades ribeirinhas devem redobrar a aten\u00e7\u00e3o com as chuvas"},"content":{"rendered":"\n<p>A Copel informa: os institutos de meteorologia indicam a possibilidade de aumento na vaz\u00e3o na bacia do rio Igua\u00e7u em raz\u00e3o das chuvas nos pr\u00f3ximos dias, inclu\u00eddo este final de semana. Esse quadro demanda maior aten\u00e7\u00e3o das comunidades ribeirinhas e dos frequentadores do rio. Com as chuvas registradas nos \u00faltimos dias, os reservat\u00f3rios operados pela companhia chegaram em n\u00edveis de armazenamento pr\u00f3ximos do limite e os vertedouros das barragens est\u00e3o sendo abertos gradativamente, sob comando do Operador Nacional do Sistema El\u00e9trico (ONS). Segundo o Simepar, a chuva persistente e volumosa tamb\u00e9m deve aumentar as vaz\u00f5es nas bacias Litor\u00e2nea, do Capivari e do Tibagi. A situa\u00e7\u00e3o hidrol\u00f3gica dos rios onde a Copel opera reservat\u00f3rios pode ser acompanhada na p\u00e1gina de monitoramento da Copel, no endere\u00e7o<a href=\"https:\/\/www.copel.com\/mhbweb\/paginas\/monitoramento.jsf\"> www.copel.com\/mhbweb<\/a><\/p>\n\n\n\n<figure class=\"wp-block-image size-large\"><img fetchpriority=\"high\" decoding=\"async\" width=\"1024\" height=\"683\" src=\"https:\/\/www.copel.com\/site\/wp-content\/uploads\/2023\/10\/Abertura-dos-vertedouros-chuva-1-1024x683.jpg\" alt=\"\" class=\"wp-image-33053\" srcset=\"https:\/\/www.copel.com\/site\/wp-content\/uploads\/2023\/10\/Abertura-dos-vertedouros-chuva-1-1024x683.jpg 1024w, https:\/\/www.copel.com\/site\/wp-content\/uploads\/2023\/10\/Abertura-dos-vertedouros-chuva-1-300x200.jpg 300w, https:\/\/www.copel.com\/site\/wp-content\/uploads\/2023\/10\/Abertura-dos-vertedouros-chuva-1-768x512.jpg 768w, https:\/\/www.copel.com\/site\/wp-content\/uploads\/2023\/10\/Abertura-dos-vertedouros-chuva-1-1536x1024.jpg 1536w, https:\/\/www.copel.com\/site\/wp-content\/uploads\/2023\/10\/Abertura-dos-vertedouros-chuva-1.jpg 1599w\" sizes=\"(max-width: 1024px) 100vw, 1024px\" \/><\/figure>\n","protected":false},"excerpt":{"rendered":"<p>A Copel informa: os institutos de meteorologia indicam a possibilidade de aumento na vaz\u00e3o na bacia do rio Igua\u00e7u em raz\u00e3o das chuvas nos pr\u00f3ximos dias, inclu\u00eddo este final de semana. Esse quadro demanda maior aten\u00e7\u00e3o das comunidades ribeirinhas e dos frequentadores do rio. Com as chuvas registradas nos \u00faltimos dias, os reservat\u00f3rios operados pela [&hellip;]<\/p>\n","protected":false},"author":23,"featured_media":33054,"comment_status":"closed","ping_status":"closed","sticky":false,"template":"","format":"standard","meta":{"_acf_changed":false,"footnotes":""},"categories":[447,142],"tags":[448,813],"class_list":["post-33055","post","type-post","status-publish","format-standard","has-post-thumbnail","hentry","category-destaque","category-noticias","tag-destaque","tag-segurancaget"],"acf":[],"aioseo_notices":[],"_links":{"self":[{"href":"https:\/\/www.copel.com\/site\/wp-json\/wp\/v2\/posts\/33055","targetHints":{"allow":["GET"]}}],"collection":[{"href":"https:\/\/www.copel.com\/site\/wp-json\/wp\/v2\/posts"}],"about":[{"href":"https:\/\/www.copel.com\/site\/wp-json\/wp\/v2\/types\/post"}],"author":[{"embeddable":true,"href":"https:\/\/www.copel.com\/site\/wp-json\/wp\/v2\/users\/23"}],"replies":[{"embeddable":true,"href":"https:\/\/www.copel.com\/site\/wp-json\/wp\/v2\/comments?post=33055"}],"version-history":[{"count":1,"href":"https:\/\/www.copel.com\/site\/wp-json\/wp\/v2\/posts\/33055\/revisions"}],"predecessor-version":[{"id":33056,"href":"https:\/\/www.copel.com\/site\/wp-json\/wp\/v2\/posts\/33055\/revisions\/33056"}],"wp:featuredmedia":[{"embeddable":true,"href":"https:\/\/www.copel.com\/site\/wp-json\/wp\/v2\/media\/33054"}],"wp:attachment":[{"href":"https:\/\/www.copel.com\/site\/wp-json\/wp\/v2\/media?parent=33055"}],"wp:term":[{"taxonomy":"category","embeddable":true,"href":"https:\/\/www.copel.com\/site\/wp-json\/wp\/v2\/categories?post=33055"},{"taxonomy":"post_tag","embeddable":true,"href":"https:\/\/www.copel.com\/site\/wp-json\/wp\/v2\/tags?post=33055"}],"curies":[{"name":"wp","href":"https:\/\/api.w.org\/{rel}","templated":true}]}}